{"id":13623,"date":"2025-01-01T12:18:40","date_gmt":"2025-01-01T09:18:40","guid":{"rendered":"https:\/\/mkgdernek.org\/kr\/?p=13623"},"modified":"2025-01-01T12:18:41","modified_gmt":"2025-01-01T09:18:41","slug":"em-girtina-sirketa-produksiyone-ya-kompanya-gizinge-berbeyan-qebul-nakin","status":"publish","type":"post","link":"https:\/\/mkgdernek.org\/kr\/blog\/navenda-medyaye\/em-girtina-sirketa-produksiyone-ya-kompanya-gizinge-berbeyan-qebul-nakin\/2025\/01\/13623\/","title":{"rendered":"Em girtina \u015e\u00eerketa produksiyon\u00ea ya Kompanya Giz\u00eeng\u00ea Berbeyan qeb\u00fbl nakin!"},"content":{"rendered":"\n<p>\u015e\u00eerketa produksiyon\u00ea ya Kompanya Giz\u00eeng\u00ea Berbeyan ku li bajar\u00ea Sil\u00eamaniy\u00ea y\u00ea Her\u00eama Kurdistana Federe kar dike, roja 31\u2019\u00ea Kan\u00fbn\u00ea roja daw\u00ee ya sal\u00ea bi hevkariya h\u00eaz\u00ean ewlehiy\u00ea, hik\u00fbmeta navend\u00ee ya Iraq\u00ea, hik\u00fbmeta Her\u00eama Kurdistan\u00ea \u00fb asayi\u015fa her\u00eam\u00ea hat girtin. B\u00eay\u00ee ku tu raporek ferm\u00ee yan raporek qan\u00fbn\u00ee b\u00ea p\u00ea\u015fk\u00ea\u015fkirin, hat girtin. \u015e\u00eerketa produksiyon\u00ea ya ku 7 sal in li her\u00eam\u00ea xebat\u00ean xwe dime\u015f\u00eene \u00fb xebatkar\u00ean w\u00ea hem\u00fb jin in, b\u00fbye deng\u00ea jin\u00ean her\u00eam\u00ea. \u015e\u00eerketa produksiyon\u00ea ya ku ji bo JIN TV, yekem\u00een kanala telev\u00eezyona jinan bernameyan \u00e7\u00eadike; Ji Hewl\u00ear\u00ea heta Sil\u00eamaniy\u00ea, ji Kelar heta Dihok\u00ea \u00fb li gelek bajar\u00ean Rojhilat\u00ea Kurdistan\u00ea gih\u00ee\u015ft jinan \u00fb eynika \u00e7aren\u00fbsa jin\u00ean bi \u015fewitandin\u00ea hatib\u00fbn qetilkirin b\u00fb.<\/p>\n\n\n\n<p>Hik\u00fbmeta Navend\u00ee ya Iraq\u00ea \u00fb Hik\u00fbmeta Her\u00eama Kurdistan\u00ea bi girtina \u015f\u00eerketa produksiyon\u00ea dixwazin r\u00ea li ber e\u015fkereb\u00fbna rastiy\u00ea bigirin. Em wek MKG careke din pi\u015ftgiriya xwe ji bo \u015f\u00eerketa produksiyona Kompanya Gizing\u00ea Berbeyan radigih\u00eenin \u00fb bang li rayedaran dikin ku di z\u00fbtir\u00een dem\u00ea de ji v\u00ea biryar\u00ea gav pa\u015fde bav\u00eajin. H\u00fbn nikarin deng\u00ea rojnameger\u00ean jin qut bikin. T\u00eako\u015f\u00eena me ya heq\u00eeqet\u00ea ji Gurbetell\u00ee heta Gulistanan, ji Denizan heta H\u00earoyan \u00fb heta C\u00eehanan dewam kir, dewam dike \u00fb w\u00ea bidome.<\/p>\n\n\n\n<p>Komaleya Rojnameger\u00ean Jin A Mezopotamyay\u00ea<\/p>\n","protected":false},"excerpt":{"rendered":"<p>\u015e\u00eerketa produksiyon\u00ea ya Kompanya Giz\u00eeng\u00ea Berbeyan ku li bajar\u00ea Sil\u00eamaniy\u00ea y\u00ea Her\u00eama Kurdistana Federe kar dike, roja 31\u2019\u00ea Kan\u00fbn\u00ea roja daw\u00ee ya sal\u00ea bi hevkariya h\u00eaz\u00ean ewlehiy\u00ea, hik\u00fbmeta navend\u00ee ya Iraq\u00ea, hik\u00fbmeta Her\u00eama Kurdistan\u00ea \u00fb asayi\u015fa her\u00eam\u00ea hat girtin. B\u00eay\u00ee ku tu raporek ferm\u00ee yan raporek qan\u00fbn\u00ee b\u00ea p\u00ea\u015fk\u00ea\u015fkirin, hat girtin. \u015e\u00eerketa produksiyon\u00ea ya ku [&hellip;]<\/p>\n","protected":false},"author":1,"featured_media":12806,"comment_status":"closed","ping_status":"open","sticky":false,"template":"","format":"standard","meta":{"footnotes":""},"categories":[50,49],"tags":[],"mektuplar":[],"class_list":["post-13623","post","type-post","status-publish","format-standard","has-post-thumbnail","hentry","category-daxuyaniyen-capemeniye","category-navenda-medyaye"],"_links":{"self":[{"href":"https:\/\/mkgdernek.org\/kr\/wp-json\/wp\/v2\/posts\/13623","targetHints":{"allow":["GET"]}}],"collection":[{"href":"https:\/\/mkgdernek.org\/kr\/wp-json\/wp\/v2\/posts"}],"about":[{"href":"https:\/\/mkgdernek.org\/kr\/wp-json\/wp\/v2\/types\/post"}],"author":[{"embeddable":true,"href":"https:\/\/mkgdernek.org\/kr\/wp-json\/wp\/v2\/users\/1"}],"replies":[{"embeddable":true,"href":"https:\/\/mkgdernek.org\/kr\/wp-json\/wp\/v2\/comments?post=13623"}],"version-history":[{"count":1,"href":"https:\/\/mkgdernek.org\/kr\/wp-json\/wp\/v2\/posts\/13623\/revisions"}],"predecessor-version":[{"id":13624,"href":"https:\/\/mkgdernek.org\/kr\/wp-json\/wp\/v2\/posts\/13623\/revisions\/13624"}],"wp:featuredmedia":[{"embeddable":true,"href":"https:\/\/mkgdernek.org\/kr\/wp-json\/wp\/v2\/media\/12806"}],"wp:attachment":[{"href":"https:\/\/mkgdernek.org\/kr\/wp-json\/wp\/v2\/media?parent=13623"}],"wp:term":[{"taxonomy":"category","embeddable":true,"href":"https:\/\/mkgdernek.org\/kr\/wp-json\/wp\/v2\/categories?post=13623"},{"taxonomy":"post_tag","embeddable":true,"href":"https:\/\/mkgdernek.org\/kr\/wp-json\/wp\/v2\/tags?post=13623"},{"taxonomy":"mektuplar","embeddable":true,"href":"https:\/\/mkgdernek.org\/kr\/wp-json\/wp\/v2\/mektuplar?post=13623"}],"curies":[{"name":"wp","href":"https:\/\/api.w.org\/{rel}","templated":true}]}}