{"id":13629,"date":"2025-01-28T15:37:14","date_gmt":"2025-01-28T12:37:14","guid":{"rendered":"https:\/\/mkgdernek.org\/kr\/?p=13629"},"modified":"2025-01-28T15:37:15","modified_gmt":"2025-01-28T12:37:15","slug":"ji-capemeni-u-raya-gisti-re","status":"publish","type":"post","link":"https:\/\/mkgdernek.org\/kr\/blog\/navenda-medyaye\/ji-capemeni-u-raya-gisti-re\/2025\/01\/13629\/","title":{"rendered":"JI \u00c7APEMEN\u00ce \u00db RAYA GI\u015eT\u00ce RE"},"content":{"rendered":"\n<p>W\u00ea bin\u00e7avkirin \u00fb girtin \u00c7apemeniya Azad nikaribe t\u00eak bibe!<\/p>\n\n\n\n<p>Li Tirkiyey\u00ea zext\u00ean li ser azadiya \u00e7apemeniy\u00ea bi awayek\u00ee s\u00eestemat\u00eek dewam dikin. Rojnameger her roj bi operasyon\u00ean n\u00fb y\u00ean bin\u00e7avkirin\u00ea \u015fiyar dibin, l\u00ea bel\u00ea ev bin\u00e7avkirin j\u00ee ten\u00ea t\u00ean tema\u015fekirin.<\/p>\n\n\n\n<p>Di v\u00ea p\u00eavajoya ku hik\u00fbmet kr\u00eez\u00ean siyas\u00ee \u00fb abor\u00ee dij\u00ee de, y\u00ean p\u00ea\u015f\u00ee d\u00eesa dibin hedef j\u00ee xebatkar\u00ean \u00e7apemeniy\u00ea ne. Li gor\u00ee daney\u00ean R\u00eaxistina Rojnameger\u00ean S\u00eenornenas a Navnetewey\u00ee (RSF) Tirkiye di war\u00ea azadiya \u00e7apemeniy\u00ea de di nava welat\u00ean ku di rew\u015feke \u201cpir neba\u015f\u201d de ye.<\/p>\n\n\n\n<p>Dema ku li Tirkiyey\u00ea mijara azadiya \u00e7apemeniy\u00ea t\u00ea nirxandin, div\u00ea zext\u00ean li ser \u00c7apemeniya Azad ji n\u00eaz ve b\u00ean nirxandin. Ji ber ku hem\u00fb xebatkar\u00ean \u00e7apemeniy\u00ea bi gi\u015ft\u00ee di bin zext\u00ean giran de ne, xebatkar\u00ean \u00c7apemeniya Azad \u00fb rojnameger\u00ean Kurd v\u00ea zext\u00ea du qat bi tund\u00ee h\u00ees dikin. Tirkiye j\u00ee wek sal\u00ean bor\u00ee \u00eesal j\u00ee b\u00fbye zindana rojnamevan\u00ean kurd. Dema em li bend\u00ea b\u00fbn ku heval\u00ean me y\u00ean heta niha girt\u00ee bigih\u00eajin azadiya xwe, di v\u00ea p\u00eavajoy\u00ea de girtin\u00ean n\u00fb p\u00eak hatin.<\/p>\n\n\n\n<p>Rojnameger Nazim Da\u015ftan \u00fb C\u00eehan B\u00eelg\u00een di 19\u2019\u00ea Kan\u00fbn\u00ea de dema n\u00fb\u00e7ey\u00ean Bakur \u00fb Rojhilat\u00ea S\u00fbriyey\u00ea di\u015fopandin ji aliy\u00ea dewleta Tirk ve bi S\u00ceHA&#8217;yan hatin qetilkirin. Rojnameger Gulistan Dursun, Hayri Tun\u00e7, Enes Sezg\u00een, Osman Akin, Can Papila, Pinar Gayip \u00fb Serp\u00eel Unal ku li Stenbol\u00ea ev qetl\u00eeam \u015fermezar kirin, di 22\u2019\u00ea Kan\u00fbn\u00ea de hatib\u00fbn bin\u00e7avkirin \u00fb girtin. Di heman dem\u00ea de n\u00fb\u00e7egihana Ajansa N\u00fb\u00e7eyan a Etk\u00een Zuleyha M\u00fbld\u00fbr a ku di operasyona li dij\u00ee endam\u00ean Federasyona Komeley\u00ean Ciwan\u00ean Sosyal\u00eest (SGDF) de hatib\u00fb bin\u00e7avkirin j\u00ee hate girtin.<\/p>\n\n\n\n<p>Di \u00e7ar\u00e7oveya l\u00eapirs\u00eena Serdozgeriya Komar\u00ea ya Stenbol\u00ea de rojnameger Necla Dem\u00eer, Rah\u00eeme Karvar, Ahmet Gune\u015f, Welat Ek\u00een, Vedat Or\u00fb\u00e7 \u00fb Reyhan Hacioglu bi \u00eediaya &#8220;endam\u00ean r\u00eaxistin\u00ea ne&#8221; di 17\u00ea \u00c7iley\u00ea de, di serdegirtina malan de hatin girtin. Di \u00e7ar\u00e7oveya heman l\u00eapirs\u00een\u00ea de rojnameger Eylem Babay\u00eeg\u00eet j\u00ee di 22\u2019\u00ea \u00c7iley\u00ea de di serdegirtina mala w\u00ea de hatib\u00fb bin\u00e7avkirin \u00fb girtin. Di p\u00eavajoya daw\u00ee de bi gi\u015ft\u00ee 2 rojnameger hatin qetilkirin \u00fb 15 rojnameger hatin girtin.<\/p>\n\n\n\n<p>Her wiha der bar\u00ea rojnameger Seyhan Av\u015far, Ahmet Dogan Akin \u00fb Candan Yildiz de j\u00ee bi hinceta parvekirin\u00ean wan \u00ean li ser medyaya civak\u00ee y\u00ean der bar\u00ea Nazim Da\u015ftan \u00fb C\u00eehan B\u00eelg\u00een de, l\u00eapirs\u00een hat vekirin.<\/p>\n\n\n\n<p>R\u00fbni\u015ftina doza Hev\u015faredara S\u00eart\u00ea Sofya Alaga\u015f ku ji ber doz\u00ean di dema rojnamegeriya w\u00ea de hatib\u00fbn vekirin, li 5&#8217;em\u00een Dadgeha Cezay\u00ean Giran a Amed\u00ea hat d\u00eetin. Sof\u00eea Alaga\u015f di doza ku ji ber rojnamegeriy\u00ea dihat darizandin de 6 sal \u00fb 3 meh cezay\u00ea girt\u00eegeh\u00ea girt. Em careke din diyar dikin ku ev cezay\u00ea ku li Sofya Alaga\u015f ji ber xebat\u00ean w\u00ea y\u00ean rojnamegeriy\u00ea hatiye day\u00een ne hiq\u00fbq\u00ee ye \u00fb rojnameger\u00ee nay\u00ea darizandin \u00fb em dubare dikin ku \u00e7apemeniya azad bi van cezayan tu car\u00ee gav\u00ea pa\u015fde nav\u00eaje.<\/p>\n\n\n\n<p>Rojnameger t\u00ean girtin \u00fb nah\u00ealin ku p\u00ee\u015feya xwe bikin, rojnameger\u00ean li derve dixebitin j\u00ee \u00e7\u00eakirina wan a n\u00fb\u00e7eyan bi zextan t\u00ean astengkirin. Rojnameger\u00ean serbest t\u00ean berdan j\u00ee her tim bi tehd\u00eed \u00fb zordestiy\u00ea r\u00fb bi r\u00fb dim\u00eenin; Piraniya dema xwe di kor\u00eedor\u00ean edliyey\u00ea de derbas dikin.<\/p>\n\n\n\n<p>Em careke din dixwazin v\u00ea yek\u00ea bib\u00eajin: Li welatek\u00ee ku rojnamevan l\u00ea girt\u00ee ne, mirov nikare behsa azadiya \u00e7apemeniy\u00ea bike.<\/p>\n\n\n\n<p>Li gel van hem\u00fbyan sansur \u00fb astengiy\u00ean we\u015fan\u00ea j\u00ee b\u00eanavber berdewam dikin. Ajans\u00ean n\u00fb\u00e7eyan \u00fb saziy\u00ean \u00e7apemeniy\u00ea bi awayek\u00ee s\u00eestemat\u00eek di bin sansur\u00ea de ne. Hik\u00fbmeta AKP&#8217;\u00ea gihandina n\u00fb\u00e7ey\u00ean ku j\u00ea hez nake asteng dike. Di v\u00ea p\u00eavajoy\u00ea de ketina hesab\u00ean medyaya civak\u00ee y\u00ean ajans\u00ean wek\u00ee Rojnameya Yen\u00ee Ya\u015fam, JINNEWS \u00fb Ajansa Mezopotamya (MA) ku deng\u00ea gel in, hat astengkirin.<\/p>\n\n\n\n<p>Li Tirkiyey\u00ea bi sala n\u00fb re hin \u00eensiyat\u00eef t\u00ean kirin ku baweriya bi demokras\u00ee \u00fb edalet\u00ea b\u00ea zind\u00eekirin, l\u00ea ji aliyek\u00ee din\u00ea j\u00ee ev \u00ear\u00ee\u015f\u00ean li ser rojnamegeran careke din diyar dike ku demokrasiya welat \u00e7iqas pa\u015fve \u00e7\u00fbye.<\/p>\n\n\n\n<p>Li cihek\u00ee ku \u00e7apemen\u00ee ne azad be, mirov nikare behsa azadiya civak\u00ea \u00fb demokrasiy\u00ea bike. Weke hevr\u00eay\u00ean rojnameger\u00ean girt\u00ee em ji vir careke din bang dikin: Em \u00ea ti car\u00ee dest ji deng\u00ea gel bernedin. Em \u00ea ji rastiyan taw\u00eez nedin. Heta ku ev pol\u00eet\u00eekaya zext\u00ea ya li ser rojnamegeran bi daw\u00ee bibe \u00fb hem\u00fb heval\u00ean me y\u00ean rojnameger \u00ean di girt\u00eegeh\u00ea de b\u00ean berdan em \u00ea t\u00eako\u015f\u00eena xwe bidom\u00eenin.<\/p>\n\n\n\n<p>\u00db em \u00ea tim biq\u00eerin: &#8220;Rojnameger\u00ee ne s\u00fbc e!&#8221;<\/p>\n\n\n\n<p><strong>Komeleya Rojnameger\u00ean Jin a Mezopotamyay\u00ea (MKG)-Komeleya Rojnamegeran a D\u00eecle Firat\u00ea<\/strong><\/p>\n","protected":false},"excerpt":{"rendered":"<p>W\u00ea bin\u00e7avkirin \u00fb girtin \u00c7apemeniya Azad nikaribe t\u00eak bibe! Li Tirkiyey\u00ea zext\u00ean li ser azadiya \u00e7apemeniy\u00ea bi awayek\u00ee s\u00eestemat\u00eek dewam dikin. Rojnameger her roj bi operasyon\u00ean n\u00fb y\u00ean bin\u00e7avkirin\u00ea \u015fiyar dibin, l\u00ea bel\u00ea ev bin\u00e7avkirin j\u00ee ten\u00ea t\u00ean tema\u015fekirin. Di v\u00ea p\u00eavajoya ku hik\u00fbmet kr\u00eez\u00ean siyas\u00ee \u00fb abor\u00ee dij\u00ee de, y\u00ean p\u00ea\u015f\u00ee d\u00eesa dibin hedef [&hellip;]<\/p>\n","protected":false},"author":1,"featured_media":12806,"comment_status":"closed","ping_status":"open","sticky":false,"template":"","format":"standard","meta":{"footnotes":""},"categories":[50,49],"tags":[],"mektuplar":[],"class_list":["post-13629","post","type-post","status-publish","format-standard","has-post-thumbnail","hentry","category-daxuyaniyen-capemeniye","category-navenda-medyaye"],"_links":{"self":[{"href":"https:\/\/mkgdernek.org\/kr\/wp-json\/wp\/v2\/posts\/13629","targetHints":{"allow":["GET"]}}],"collection":[{"href":"https:\/\/mkgdernek.org\/kr\/wp-json\/wp\/v2\/posts"}],"about":[{"href":"https:\/\/mkgdernek.org\/kr\/wp-json\/wp\/v2\/types\/post"}],"author":[{"embeddable":true,"href":"https:\/\/mkgdernek.org\/kr\/wp-json\/wp\/v2\/users\/1"}],"replies":[{"embeddable":true,"href":"https:\/\/mkgdernek.org\/kr\/wp-json\/wp\/v2\/comments?post=13629"}],"version-history":[{"count":1,"href":"https:\/\/mkgdernek.org\/kr\/wp-json\/wp\/v2\/posts\/13629\/revisions"}],"predecessor-version":[{"id":13630,"href":"https:\/\/mkgdernek.org\/kr\/wp-json\/wp\/v2\/posts\/13629\/revisions\/13630"}],"wp:featuredmedia":[{"embeddable":true,"href":"https:\/\/mkgdernek.org\/kr\/wp-json\/wp\/v2\/media\/12806"}],"wp:attachment":[{"href":"https:\/\/mkgdernek.org\/kr\/wp-json\/wp\/v2\/media?parent=13629"}],"wp:term":[{"taxonomy":"category","embeddable":true,"href":"https:\/\/mkgdernek.org\/kr\/wp-json\/wp\/v2\/categories?post=13629"},{"taxonomy":"post_tag","embeddable":true,"href":"https:\/\/mkgdernek.org\/kr\/wp-json\/wp\/v2\/tags?post=13629"},{"taxonomy":"mektuplar","embeddable":true,"href":"https:\/\/mkgdernek.org\/kr\/wp-json\/wp\/v2\/mektuplar?post=13629"}],"curies":[{"name":"wp","href":"https:\/\/api.w.org\/{rel}","templated":true}]}}