{"id":13632,"date":"2025-02-06T10:36:34","date_gmt":"2025-02-06T07:36:34","guid":{"rendered":"https:\/\/mkgdernek.org\/kr\/?p=13632"},"modified":"2025-02-06T12:27:05","modified_gmt":"2025-02-06T09:27:05","slug":"rapora-binpekirina-mafen-jinen-rojnameger-a-meha-cileya-2025an","status":"publish","type":"post","link":"https:\/\/mkgdernek.org\/kr\/blog\/navenda-medyaye\/nuce\/rapora-binpekirina-mafen-jinen-rojnameger-a-meha-cileya-2025an\/2025\/02\/13632\/","title":{"rendered":"RAPORA BINP\u00caKIRINA MAF\u00caN JIN\u00caN ROJNAMEGER A MEHA \u00c7ILEYA 2025&#8217;AN"},"content":{"rendered":"\n<figure class=\"wp-block-table\"><table class=\"has-fixed-layout\"><tbody><tr><td><strong>NIRXANDIN<u><\/u><\/strong><\/td><\/tr><\/tbody><\/table><\/figure>\n\n\n\n<p>Zext\u00ean li ser rojnameger\u00ean jin z\u00eade dibin. Rojnameger\u00ean ku rastiyan diniv\u00eesin, maf\u00ea raya gi\u015ft\u00ee ya wergirtina agahiyan dipar\u00eazin \u00fb deng\u00ea jinan derdixin; Bi bin\u00e7avkirin, girtin, tundiya fiz\u00eek\u00ee, gef \u00fb sansur\u00ea dixwazin wan b\u00eadeng bikin. L\u00ea d\u00eerok\u00ea her dem n\u00ee\u015fan daye ku zext \u00e7iqas\u00ee z\u00eade bibin j\u00ee, rojnameger\u00ean ku li pey heq\u00eeqet\u00ea ne, b\u00eadeng nam\u00eenin!<\/p>\n\n\n\n<p>Di \u00c7ileya 2025\u2019an de her\u00ee k\u00eam 7 rojnameger hatin bin\u00e7avkirin, 4 rojnameger hatin girtin, 3 rojnameger j\u00ee bi muameleya xerab r\u00fb bi r\u00fb man. Her wiha dema ku \u015fopandina n\u00fb\u00e7eyan a 2 rojnamegeran hatin astengkirin her\u00ee k\u00eam 9 rojnameger j\u00ee li girt\u00eegehan bi binp\u00eakirina mafan r\u00fb bi r\u00fb man. Ev zext\u00ean s\u00eestemat\u00eek \u00ean li ser rojnamegeran ne ten\u00ea ji ber xebat\u00ean wan \u00ean p\u00ee\u015fey\u00ee, ji ber jin in j\u00ee girantir t\u00ean kirin. Saziy\u00ean \u00e7apemeniy\u00ea y\u00ean ku deng\u00ea azad \u00ea rojnamegeran didin bih\u00eestin, t\u00ean girtin, n\u00fb\u00e7egihan\u00ean li qad\u00ea dixebitin bi hincet\u00ean keyf\u00ee t\u00ean bin\u00e7avkirin, tundiya f\u00eez\u00eek\u00ee \u00fb der\u00fbn\u00ee ya li hember\u00ee rojnamegeran z\u00eade dibe. Ev \u00ear\u00ee\u015f\u00ean li dij\u00ee azadiya \u00e7apemeniy\u00ea par\u00e7eyek ji hewldana b\u00eadengkirina rojnamegeran e. L\u00ea bel\u00ea rojnamevan\u00ean ku li pey heq\u00eeqet\u00ea ne, tev\u00ee her cure zextan j\u00ee w\u00ea kar\u00ea xwe bidom\u00eenin!<\/p>\n\n\n\n<p>Gef\u00ean li ser rojnamegeran ten\u00ea bi zext\u00ean dewlet\u00ea re s\u00eenordar nam\u00eene. N\u00fb\u00e7egihana televizyoneke her\u00eam\u00ee ya Xarp\u00eat\u00ea Semra Dem\u00eerelli ji aliy\u00ea m\u00earek\u00ee hat gulebarankirin \u00fb bi giran\u00ee bir\u00eendar b\u00fb, pi\u015ft\u00ee t\u00eako\u015f\u00eena jiyan\u00ea ya 49 rojan jiyana xwe ji dest da. V\u00ea b\u00fbyera hovane careke din n\u00ee\u015fan da ku rojnameger ne ten\u00ea ji ber p\u00ee\u015feya xwe, ji ber \u015f\u00eedeta zayend\u00ee j\u00ee di bin tehd\u00eed\u00ea de ne.<\/p>\n\n\n\n<p>Zext\u00ean li ser rojnameger\u00ean li girt\u00eegehan s\u00eestemat\u00eek b\u00fbye. Pirt\u00fbka ku heval\u00ean w\u00ea ji rojnamegera girt\u00ee Serp\u00eel Unal re \u015fandib\u00fbn ji aliy\u00ea Girt\u00eegeha Bakirkoy\u00ea ve bi hinceta &#8220;Kargoya di Stenbol\u00ea de nay\u00ea qeb\u00fblkirin&#8221; pa\u015fde hat \u015fandin. \u00cenkarkirina mafek\u00ee bingeh\u00een \u00ea mirov\u00ee y\u00ea m\u00eena pirt\u00fbkan j\u00ee dide xuyakirin ku zext\u00ean li ser rojnameger\u00ean li girt\u00eegehan heta \u00e7i ast\u00ea hatiye. Li ser rojnameger Gulistan Dursun a li Girt\u00eegeha S\u00eel\u00eevriy\u00ea ye ji aliy\u00ea r\u00eaveberiya girt\u00eegeh\u00ea ve belgeya bi nav\u00ea &#8220;karta teror\u00ea&#8221; hat ferzkirin \u00fb ji ber ku qeb\u00fbl nekir cezay\u00ea d\u00ees\u00eepl\u00een\u00ea l\u00ea hat bir\u00een. Zext\u00ean der\u00fbn\u00ee y\u00ean li ser rojnameger\u00ean li girt\u00eegehan roj bi roj z\u00eade dibin.<\/p>\n\n\n\n<p>Di qada dij\u00eetal de j\u00ee hewl t\u00ea dayin ku deng\u00ea rojnamegeran bis\u00eenor bikin. Hesab\u00ea JINNEWS&#8217;\u00ea y\u00ea Instagram\u00ea hat girtin, hesab\u00ean n\u00fb gelek caran hatin sansurkirin \u00fb ketina hesab\u00ea X (Twitter) hat astengkirin. Her wiha hewl t\u00ea day\u00een ku li ser platform\u00ean d\u00eej\u00eetal d\u00eetina rojnamegeran b\u00ea astengkirin. L\u00ea ne zext\u00ean li girt\u00eegehan, ne astengiy\u00ean li kolanan \u00fb ne j\u00ee sansura d\u00eej\u00eetal w\u00ea nikaribin rojnamegeran b\u00eadeng bikin!<\/p>\n\n\n\n<p>Di heman dem\u00ea de di meha \u00c7iley\u00ea de 31 hesab\u00ean medyaya d\u00eej\u00eetal ku di nav wan de @MAturkce ya Ajansa Mezopotamyay\u00ea ku 264 hezar \u015fop\u00eeneriy\u00ean w\u00ea heb\u00fbn, @jinnewsturkce ya Ajansa N\u00fb\u00e7eyan a JINNEWS\u2019\u00ea ku 168 hezar \u015fop\u00eener\u00ea w\u00ea heb\u00fb \u00fb @yeniyasamgazete X j\u00ee di nav de \u00fb 125 hezar \u015fop\u00eener\u00ean w\u00ea heb\u00fbn, bi hincet\u00ean \u2018ewlehiya netewey\u00ee \u00fb parastina gel\u2019 hatin astengkirin.<\/p>\n\n\n\n<p>\u00cero gelek rojnameger ji ber parastina \u00e7apemeniya azad li girt\u00eegehan girt\u00ee ne. El\u00eef Ersoy, Eylem Babay\u00eeg\u00eet, Hat\u00eece Duman, L\u00fbtfiye Burcu Kara, Necla Dem\u00eer Arvas, Ozden Kinik, Rah\u00eeme Karvar, Reyhan Hac\u00eeogl\u00fb \u00fb Zuleyha M\u00fbld\u00fbr ten\u00ea ji ber ku rojnameger b\u00fbn hatin girtin. Ev \u00ear\u00ee\u015f\u00ean s\u00eestemat\u00eek \u00ean li dij\u00ee rojnamegeran ne ten\u00ea li ser azadiya \u00e7apemeniy\u00ea, her wiha li ser maf\u00ea raya gi\u015ft\u00ee ya wergirtina agahiyan j\u00ee xeteriyeke e\u015fkere ye.<\/p>\n\n\n\n<p>Em bang li her kes\u00ean ku \u00e7apemeniya azad dipar\u00eazin dikin ku li dij\u00ee van zextan bibin yek. \u00c7apemeniya azad nay\u00ea b\u00eadengkirin! Div\u00ea demildest bin\u00e7avkirin, girtin, zext \u00fb tundiya li ser rojnamegeran bi daw\u00ee bibe. Em \u00ea tu car\u00ee dev ji niv\u00eesandina rastiyan, parastina heq\u00eeqet\u00ea \u00fb berdewamkirina t\u00eako\u015f\u00eena rojnamegeran bernedin!<\/p>\n\n\n\n<p>Ji Gurbetell\u00ee bigire heta Gulistanan, ji Den\u00eezan bigire heta H\u00earoyan, heta C\u00eehanan&#8230; Rojnameger\u00ean jin li her der\u00ea ne!<\/p>\n\n\n\n<figure class=\"wp-block-table\"><table class=\"has-fixed-layout\"><tbody><tr><td><strong>DANEY\u00caN \u00ceSTAT\u00ceST\u00ceK \u00caN RAPORA BINP\u00caIRINA MAF\u00caN JIN\u00caN ROJNAMEGER A MEHA \u00c7ILEYA 2025&#8217;AN<u><\/u><\/strong><\/td><\/tr><\/tbody><\/table><\/figure>\n\n\n\n<p><strong><u>1) BINP\u00caKIRINA MAF\u00caN EWLEH\u00ce \u00db MAF\u00ca JIYAN\u00ca Y\u00caN ROJNAMEGERAN<\/u><\/strong><strong><u><\/u><\/strong><\/p>\n\n\n\n<figure class=\"wp-block-table\"><table class=\"has-fixed-layout\"><tbody><tr><td rowspan=\"2\">Y\u00ean bi \u00eari\u015f\u00ea r\u00fb bi r\u00fb mane<\/td><td>Rojnameger<\/td><td>&#8211;<\/td><\/tr><tr><td>We\u015fan<\/td><td>&#8211;<\/td><\/tr><tr><td colspan=\"2\">Rojnameger\u00ean hatine qetilkirin<\/td><td>&#8211;<\/td><\/tr><tr><td colspan=\"2\">Rojnameger\u00ean bi ser mala wan de hatine girtin<\/td><td>3<\/td><\/tr><tr><td colspan=\"2\">Rojnameger\u00ean hatine bin\u00e7avkirin<\/td><td>7<\/td><\/tr><tr><td colspan=\"2\">Rojnameger\u00ean hatine girtin<\/td><td>4<\/td><\/tr><tr><td colspan=\"2\">Rojnameger\u00ean bi mualameya ne ba\u015f r\u00fb bi r\u00fb mane<\/td><td>3<\/td><\/tr><tr><td colspan=\"2\">Rojnameger\u00ean gef l\u00ea hatine xwarin<\/td><td>1<\/td><\/tr><tr><td colspan=\"2\">Rojnameger\u00ean \u015fopandina n\u00fb\u00e7ey\u00ean wan hatin astengkirin<\/td><td>2<\/td><\/tr><tr><td colspan=\"2\">Binp\u00eakirina maf\u00ean li girt\u00eegehan<\/td><td>9<\/td><\/tr><\/tbody><\/table><\/figure>\n\n\n\n<p><strong><u>2) BINP\u00caKIRINA AZADIYA RAMAN\u00ca YA ROJNAMEGERAN<\/u><\/strong><strong><u><\/u><\/strong><\/p>\n\n\n\n<figure class=\"wp-block-table\"><table class=\"has-fixed-layout\"><tbody><tr><td colspan=\"2\">Rojnameger\u00ean derbar\u00ea wan de l\u00eapirs\u00een hatine vekirin<\/td><td>2<\/td><\/tr><tr><td colspan=\"2\">Rojnameger\u00ean derbar\u00ea wan de doz hatine vekirin<\/td><td>1<\/td><\/tr><tr><td rowspan=\"3\">Rojnameger\u00ean hatine cezakirin<\/td><td>Hejmara kesan<\/td><td>3<\/td><\/tr><tr><td>Cezay\u00ea girt\u00eegeh\u00ea<\/td><td>8 SAL 3 MEH<\/td><\/tr><tr><td>Cezay\u00ea pere<\/td><td>&#8211;<\/td><\/tr><tr><td rowspan=\"2\">Rojnameger\u00ean darizandina wan didomin<\/td><td>Hejmara dosyayan<\/td><td>14<\/td><\/tr><tr><td>Hejmara kesan<\/td><td>17<\/td><\/tr><tr><td colspan=\"2\">Hejmara rojnameger\u00ean girt\u00ee &nbsp;(Ji 4\u2019\u00ea \u00c7ileya 2023\u2019yan heta niha)<\/td><td>9<\/td><\/tr><\/tbody><\/table><\/figure>\n\n\n\n<p><strong><u>3)BINP\u00caKIRINA MAF\u00caN CIVAK\u00ce \u00db ABOR\u00ce Y\u00caN ROJNAMEGERAN<\/u><\/strong><strong><u><\/u><\/strong><\/p>\n\n\n\n<figure class=\"wp-block-table\"><table class=\"has-fixed-layout\"><tbody><tr><td>Rojnameger\u00ean kar\u00ea wan hatine bidaw\u00eekirin<\/td><td>&#8211;<\/td><\/tr><tr><td>Rojnameger\u00ean qerta wan a \u00e7apemeniy\u00ea hatiye astengkirin<\/td><td>&#8211;<\/td><\/tr><\/tbody><\/table><\/figure>\n\n\n\n<p><strong><u>4) ASTENGIY\u00caN LI SER MECRAY\u00caN \u00ceNTERNET \u00db MEDYAYA D\u00ceJ\u00ceTAL<\/u><\/strong><strong><u><\/u><\/strong><\/p>\n\n\n\n<figure class=\"wp-block-table\"><table class=\"has-fixed-layout\"><tbody><tr><td>S\u00eetey\u00ean \u00eenternet\u00ea y\u00ean hatine girtin<\/td><td>&#8211;<\/td><\/tr><tr><td>Hesab\u00ean Medyaya D\u00eej\u00eetal \u00ean hatine girtin<\/td><td>4<\/td><\/tr><tr><td>Naverok\u00ean Medyaya D\u00eej\u00eetal \u00ean hatine astengkirin<\/td><td>&#8211;<\/td><\/tr><tr><td>N\u00fb\u00e7ey\u00ean hatine astengkirin<\/td><td>&#8211;<\/td><\/tr><\/tbody><\/table><\/figure>\n\n\n\n<p><strong><u>L\u00ceSTEYA JIN\u00caN ROJNAMEGER \u00caN GIRT\u00ce<\/u><\/strong><\/p>\n\n\n\n<p>1.Elif Ersoy &#8211; Berpirsa Kar\u00ea Niv\u00ees\u00ea ya Kovara Yuruyu\u015f\u00ea<\/p>\n\n\n\n<p>2.Eylem Babayigit \u2013 Rojnameger<\/p>\n\n\n\n<p>3.Hatice Duman &#8211; Mudura Kar\u00ea Niv\u00ees\u00ea \u00fb Xwediy\u00ea Rojnameya Atilim\u00ea<\/p>\n\n\n\n<p>4.Lutfiye Burcu Kara \u2013 Rojnameya Yek\u00eetiya T\u00eako\u015f\u00een\u00ea<\/p>\n\n\n\n<p>5.Necla Demir Arvas &#8211; Rojnameger<\/p>\n\n\n\n<p>6.Ozden Kinik &#8211; Xebatkara TRT&#8217;\u00ea ya ber\u00ea<\/p>\n\n\n\n<p>7.Rahime Karvar \u2013 Rojnameger<\/p>\n\n\n\n<p>8.Reyhan Hacioglu \u2013 Rojnameya Yen\u00ee Ya\u015fam\u00ea<\/p>\n\n\n\n<p>9.Zuleyha Muldur \u2013 Ajansa N\u00fb\u00e7eyan a Etkin\u00ea<\/p>\n","protected":false},"excerpt":{"rendered":"<p>NIRXANDIN Zext\u00ean li ser rojnameger\u00ean jin z\u00eade dibin. Rojnameger\u00ean ku rastiyan diniv\u00eesin, maf\u00ea raya gi\u015ft\u00ee ya wergirtina agahiyan dipar\u00eazin \u00fb deng\u00ea jinan derdixin; Bi bin\u00e7avkirin, girtin, tundiya fiz\u00eek\u00ee, gef \u00fb sansur\u00ea dixwazin wan b\u00eadeng bikin. L\u00ea d\u00eerok\u00ea her dem n\u00ee\u015fan daye ku zext \u00e7iqas\u00ee z\u00eade bibin j\u00ee, rojnameger\u00ean ku li pey heq\u00eeqet\u00ea ne, b\u00eadeng nam\u00eenin! [&hellip;]<\/p>\n","protected":false},"author":1,"featured_media":13633,"comment_status":"closed","ping_status":"open","sticky":false,"template":"","format":"standard","meta":{"footnotes":""},"categories":[36],"tags":[],"mektuplar":[],"class_list":["post-13632","post","type-post","status-publish","format-standard","has-post-thumbnail","hentry","category-nuce"],"_links":{"self":[{"href":"https:\/\/mkgdernek.org\/kr\/wp-json\/wp\/v2\/posts\/13632","targetHints":{"allow":["GET"]}}],"collection":[{"href":"https:\/\/mkgdernek.org\/kr\/wp-json\/wp\/v2\/posts"}],"about":[{"href":"https:\/\/mkgdernek.org\/kr\/wp-json\/wp\/v2\/types\/post"}],"author":[{"embeddable":true,"href":"https:\/\/mkgdernek.org\/kr\/wp-json\/wp\/v2\/users\/1"}],"replies":[{"embeddable":true,"href":"https:\/\/mkgdernek.org\/kr\/wp-json\/wp\/v2\/comments?post=13632"}],"version-history":[{"count":3,"href":"https:\/\/mkgdernek.org\/kr\/wp-json\/wp\/v2\/posts\/13632\/revisions"}],"predecessor-version":[{"id":13636,"href":"https:\/\/mkgdernek.org\/kr\/wp-json\/wp\/v2\/posts\/13632\/revisions\/13636"}],"wp:featuredmedia":[{"embeddable":true,"href":"https:\/\/mkgdernek.org\/kr\/wp-json\/wp\/v2\/media\/13633"}],"wp:attachment":[{"href":"https:\/\/mkgdernek.org\/kr\/wp-json\/wp\/v2\/media?parent=13632"}],"wp:term":[{"taxonomy":"category","embeddable":true,"href":"https:\/\/mkgdernek.org\/kr\/wp-json\/wp\/v2\/categories?post=13632"},{"taxonomy":"post_tag","embeddable":true,"href":"https:\/\/mkgdernek.org\/kr\/wp-json\/wp\/v2\/tags?post=13632"},{"taxonomy":"mektuplar","embeddable":true,"href":"https:\/\/mkgdernek.org\/kr\/wp-json\/wp\/v2\/mektuplar?post=13632"}],"curies":[{"name":"wp","href":"https:\/\/api.w.org\/{rel}","templated":true}]}}