{"id":13640,"date":"2025-02-07T12:20:34","date_gmt":"2025-02-07T09:20:34","guid":{"rendered":"https:\/\/mkgdernek.org\/kr\/?p=13640"},"modified":"2025-02-07T12:21:51","modified_gmt":"2025-02-07T09:21:51","slug":"ji-capemeni-u-raya-gisti-re-2","status":"publish","type":"post","link":"https:\/\/mkgdernek.org\/kr\/blog\/navenda-medyaye\/ji-capemeni-u-raya-gisti-re-2\/2025\/02\/13640\/","title":{"rendered":"JI \u00c7APEMEN\u00ce \u00db RAYA GI\u015eT\u00ce RE"},"content":{"rendered":"\n<p>Weke Komeleya Rojnameger\u00ean Jin a Mezopotamyay\u00ea (MKG) em serdegirtina mala endam \u00fb hevrp\u00ee\u015feya me Ozn\u00fbr Deger a ku bi l\u00eadan\u00ea hat bin\u00e7avkirin, bi tund\u00ee \u015fermezar dikin.<\/p>\n\n\n\n<p>Rojnameger\u00ee ne s\u00fbc e! Hewldan\u00ean b\u00eadengkirina \u00e7apemeniya azad \u00ear\u00ee\u015feke e\u015fkere ya li dij\u00ee maf\u00ea civak\u00ea y\u00ea agahdarkirin\u00ea ye. Li nav\u00e7eya Qoser\u00ea ya M\u00eard\u00een\u00ea dan\u00ea sibeh\u00ea di serdegirtina malan de pol\u00eesan li Ozn\u00fbr\u00ea \u00fb malbata w\u00ea dan, ev n\u00ee\u015fan dide ku serdegirtin ne ten\u00ea p\u00eavajoya bin\u00e7avkirin\u00ea ye, di heman dem\u00ea de pol\u00eet\u00eekaya tehd\u00eed \u00fb tirsandin\u00ea ye.<\/p>\n\n\n\n<p>L\u00eadana li Oznur Deger a bi kelep\u00e7eya berovaj\u00ee hat bin\u00e7avkirin, hat kirin \u00fb pi\u015ft re pol\u00eesan ew li ser dir\u00eancekan del dan helwesteke keyf\u00ee ye. Ev b\u00eap\u00eevana h\u00eaz\u00ean ewlekariy\u00ea e\u015fkere dike. Em ji tenduristiya hevala xwe ya rojnameger bi fikar in \u00fb daxwaza tavil\u00ea berdana w\u00ea dikin!<\/p>\n\n\n\n<p>Azadiya \u00e7apemeniy\u00ea yek ji h\u00eem\u00ean bingeh\u00een \u00ean civak\u00ean demokrat\u00eek e. Zilm \u00fb tundiya li ser jin\u00ean rojnameger nikare r\u00ea li ber gihandina rastiyan bigire. Em weke Komeleya Rojnameger\u00ean Jin a Mezopotamyay\u00ea d\u00ea li k\u00ealeka hevp\u00ee\u015fey\u00ean xwe bin \u00fb dest ji t\u00eako\u015f\u00eena heq\u00eeqet\u00ea bernedin.<\/p>\n\n\n\n<p>Em bang li rayedaran dikin ku li gor\u00ee r\u00eagez\u00ean bingeh\u00een \u00ean hiq\u00fbq\u00ea tevbigerin \u00fb tundiya li dij\u00ee rojnamegeran bi daw\u00ee bikin!<\/p>\n\n\n\n<p>*Div\u00ea Ozn\u00fbr Deger demildest b\u00ea berdan!<\/p>\n\n\n\n<p>*\u00c7apemeniya azad nay\u00ea b\u00eadengkirin!<\/p>\n\n\n\n<p>*Rojnameger\u00ean jin ne bi ten\u00ea ne!<\/p>\n\n\n\n<p><strong>Komeleya Rojnameger\u00ean Jin a Mezopotamyay\u00ea (MKG)<\/strong><\/p>\n","protected":false},"excerpt":{"rendered":"<p>Weke Komeleya Rojnameger\u00ean Jin a Mezopotamyay\u00ea (MKG) em serdegirtina mala endam \u00fb hevrp\u00ee\u015feya me Ozn\u00fbr Deger a ku bi l\u00eadan\u00ea hat bin\u00e7avkirin, bi tund\u00ee \u015fermezar dikin. Rojnameger\u00ee ne s\u00fbc e! Hewldan\u00ean b\u00eadengkirina \u00e7apemeniya azad \u00ear\u00ee\u015feke e\u015fkere ya li dij\u00ee maf\u00ea civak\u00ea y\u00ea agahdarkirin\u00ea ye. Li nav\u00e7eya Qoser\u00ea ya M\u00eard\u00een\u00ea dan\u00ea sibeh\u00ea di serdegirtina malan de [&hellip;]<\/p>\n","protected":false},"author":1,"featured_media":12808,"comment_status":"closed","ping_status":"open","sticky":false,"template":"","format":"standard","meta":{"footnotes":""},"categories":[50,49],"tags":[],"mektuplar":[],"class_list":["post-13640","post","type-post","status-publish","format-standard","has-post-thumbnail","hentry","category-daxuyaniyen-capemeniye","category-navenda-medyaye"],"_links":{"self":[{"href":"https:\/\/mkgdernek.org\/kr\/wp-json\/wp\/v2\/posts\/13640","targetHints":{"allow":["GET"]}}],"collection":[{"href":"https:\/\/mkgdernek.org\/kr\/wp-json\/wp\/v2\/posts"}],"about":[{"href":"https:\/\/mkgdernek.org\/kr\/wp-json\/wp\/v2\/types\/post"}],"author":[{"embeddable":true,"href":"https:\/\/mkgdernek.org\/kr\/wp-json\/wp\/v2\/users\/1"}],"replies":[{"embeddable":true,"href":"https:\/\/mkgdernek.org\/kr\/wp-json\/wp\/v2\/comments?post=13640"}],"version-history":[{"count":1,"href":"https:\/\/mkgdernek.org\/kr\/wp-json\/wp\/v2\/posts\/13640\/revisions"}],"predecessor-version":[{"id":13641,"href":"https:\/\/mkgdernek.org\/kr\/wp-json\/wp\/v2\/posts\/13640\/revisions\/13641"}],"wp:featuredmedia":[{"embeddable":true,"href":"https:\/\/mkgdernek.org\/kr\/wp-json\/wp\/v2\/media\/12808"}],"wp:attachment":[{"href":"https:\/\/mkgdernek.org\/kr\/wp-json\/wp\/v2\/media?parent=13640"}],"wp:term":[{"taxonomy":"category","embeddable":true,"href":"https:\/\/mkgdernek.org\/kr\/wp-json\/wp\/v2\/categories?post=13640"},{"taxonomy":"post_tag","embeddable":true,"href":"https:\/\/mkgdernek.org\/kr\/wp-json\/wp\/v2\/tags?post=13640"},{"taxonomy":"mektuplar","embeddable":true,"href":"https:\/\/mkgdernek.org\/kr\/wp-json\/wp\/v2\/mektuplar?post=13640"}],"curies":[{"name":"wp","href":"https:\/\/api.w.org\/{rel}","templated":true}]}}