{"id":13646,"date":"2025-02-18T12:09:34","date_gmt":"2025-02-18T09:09:34","guid":{"rendered":"https:\/\/mkgdernek.org\/kr\/?p=13646"},"modified":"2025-02-18T12:09:34","modified_gmt":"2025-02-18T09:09:34","slug":"ji-capemeni-u-raya-gisti-re-4","status":"publish","type":"post","link":"https:\/\/mkgdernek.org\/kr\/blog\/navenda-medyaye\/ji-capemeni-u-raya-gisti-re-4\/2025\/02\/13646\/","title":{"rendered":"Ji \u00c7apemen\u00ee \u00fb Raya Gi\u015ft\u00ee re"},"content":{"rendered":"\n<p>\u00c7apemeniya azad nay\u00ea b\u00eadengkirin! Rojnameger ne bi ten\u00ea ne!<\/p>\n\n\n\n<p>\u00cero dan\u00ea sibeh\u00ea di \u00e7ar\u00e7oveya l\u00eapirs\u00eena li dij\u00ee Kongreya Demokrat\u00eek a Gelan (HDK) ya Stenbol\u00ea de, bi ser gelek malan de hat girtin \u00fb rojnamevan El\u00eef Akgul, Yildiz Tar \u00fb Ercument Akden\u00eez j\u00ee di nav de 52 kes bi awayek\u00ee derhiq\u00fbq\u00ee hatin bin\u00e7avkirin.<\/p>\n\n\n\n<p>Ev bin\u00e7avkirin di \u00e7ar\u00e7oveya hewldan\u00ean hik\u00fbmet\u00ea y\u00ean b\u00eadengkirina \u00e7apemeniya azad de ne. Bi taybet\u00ee hedefgirtina rojnameger\u00ean jin n\u00ee\u015faneya hewldana p\u00ea\u015f\u00eegirtina li heb\u00fbna jin\u00ea ya di \u00e7apemeniy\u00ea de \u00fb t\u00eako\u015f\u00eena heq\u00eeqet\u00ea ye. Rojnameger d\u00ea rastiyan e\u015fkere bikin, bibin deng\u00ea civak\u00ea \u00fb li dij\u00ee zilm\u00ea li ber xwe bidin.<\/p>\n\n\n\n<p>Azadiya \u00e7apemeniy\u00ea bingeha civaka demokrat\u00eek e. L\u00ea bel\u00ea li Tirkiyey\u00ea pol\u00eet\u00eekay\u00ean zext\u00ea y\u00ean hik\u00fbmet\u00ea gihi\u015ftiye w\u00ea ast\u00ea ku rojnameger, niv\u00eeskar \u00fb xebatkar\u00ean \u00e7apemeniy\u00ea b\u00eadeng bike \u00fb s\u00fbcdar bike \u00fb maf\u00ea raya gi\u015ft\u00ee ya girtina n\u00fb\u00e7eyan asteng bike. Bin\u00e7avkirin \u00fb zext\u00ean bi v\u00ee reng\u00ee y\u00ean b\u00eahiq\u00fbq\u00ee w\u00ea nikaribin rastiy\u00ea ve\u015f\u00earin.<\/p>\n\n\n\n<p>Weke Komeleya Rojnameger\u00ean Jin a Mezopotamyay\u00ea (MKG) em daxwaz dikin ku demildest heval\u00ean me b\u00ean berdan. Em bang li hem\u00fb kes\u00ean ku \u00e7apemeniya azad dipar\u00eazin dikin ku li dij\u00ee zext\u00ean li ser rojnamegeran hevgirtin\u00ea mezin bikin \u00fb bi hev re t\u00eabiko\u015fin.<\/p>\n\n\n\n<p>\u00c7apemeniya azad nay\u00ea b\u00eadengkirin! Rojnameger\u00ean jin ne bi ten\u00ea ne!<\/p>\n\n\n\n<p><strong>Komeleya Rojnameger\u00ean Jin a Mezopotamyay\u00ea (MKG)<\/strong><\/p>\n\n\n\n<p><\/p>\n","protected":false},"excerpt":{"rendered":"<p>\u00c7apemeniya azad nay\u00ea b\u00eadengkirin! Rojnameger ne bi ten\u00ea ne! \u00cero dan\u00ea sibeh\u00ea di \u00e7ar\u00e7oveya l\u00eapirs\u00eena li dij\u00ee Kongreya Demokrat\u00eek a Gelan (HDK) ya Stenbol\u00ea de, bi ser gelek malan de hat girtin \u00fb rojnamevan El\u00eef Akgul, Yildiz Tar \u00fb Ercument Akden\u00eez j\u00ee di nav de 52 kes bi awayek\u00ee derhiq\u00fbq\u00ee hatin bin\u00e7avkirin. Ev bin\u00e7avkirin di [&hellip;]<\/p>\n","protected":false},"author":1,"featured_media":12808,"comment_status":"closed","ping_status":"open","sticky":false,"template":"","format":"standard","meta":{"footnotes":""},"categories":[50,49],"tags":[],"mektuplar":[],"class_list":["post-13646","post","type-post","status-publish","format-standard","has-post-thumbnail","hentry","category-daxuyaniyen-capemeniye","category-navenda-medyaye"],"_links":{"self":[{"href":"https:\/\/mkgdernek.org\/kr\/wp-json\/wp\/v2\/posts\/13646","targetHints":{"allow":["GET"]}}],"collection":[{"href":"https:\/\/mkgdernek.org\/kr\/wp-json\/wp\/v2\/posts"}],"about":[{"href":"https:\/\/mkgdernek.org\/kr\/wp-json\/wp\/v2\/types\/post"}],"author":[{"embeddable":true,"href":"https:\/\/mkgdernek.org\/kr\/wp-json\/wp\/v2\/users\/1"}],"replies":[{"embeddable":true,"href":"https:\/\/mkgdernek.org\/kr\/wp-json\/wp\/v2\/comments?post=13646"}],"version-history":[{"count":1,"href":"https:\/\/mkgdernek.org\/kr\/wp-json\/wp\/v2\/posts\/13646\/revisions"}],"predecessor-version":[{"id":13647,"href":"https:\/\/mkgdernek.org\/kr\/wp-json\/wp\/v2\/posts\/13646\/revisions\/13647"}],"wp:featuredmedia":[{"embeddable":true,"href":"https:\/\/mkgdernek.org\/kr\/wp-json\/wp\/v2\/media\/12808"}],"wp:attachment":[{"href":"https:\/\/mkgdernek.org\/kr\/wp-json\/wp\/v2\/media?parent=13646"}],"wp:term":[{"taxonomy":"category","embeddable":true,"href":"https:\/\/mkgdernek.org\/kr\/wp-json\/wp\/v2\/categories?post=13646"},{"taxonomy":"post_tag","embeddable":true,"href":"https:\/\/mkgdernek.org\/kr\/wp-json\/wp\/v2\/tags?post=13646"},{"taxonomy":"mektuplar","embeddable":true,"href":"https:\/\/mkgdernek.org\/kr\/wp-json\/wp\/v2\/mektuplar?post=13646"}],"curies":[{"name":"wp","href":"https:\/\/api.w.org\/{rel}","templated":true}]}}