{"id":13649,"date":"2025-02-22T10:06:25","date_gmt":"2025-02-22T07:06:25","guid":{"rendered":"https:\/\/mkgdernek.org\/kr\/?p=13649"},"modified":"2025-02-22T10:06:25","modified_gmt":"2025-02-22T07:06:25","slug":"ji-capemeni-u-raya-gisti-re-5","status":"publish","type":"post","link":"https:\/\/mkgdernek.org\/kr\/blog\/navenda-medyaye\/ji-capemeni-u-raya-gisti-re-5\/2025\/02\/13649\/","title":{"rendered":"Ji \u00c7apemen\u00ee \u00fb Raya Gi\u015ft\u00ee re"},"content":{"rendered":"\n<p>Azadiya \u00e7apemeniy\u00ea nay\u00ea b\u00eadengkirin!<\/p>\n\n\n\n<p>Di 18\u2019\u00ea Sibat\u00ea de hevr\u00eay\u00ean me El\u00eef Akgul, Yildiz Tar \u00fb Ercument Akden\u00eez j\u00ee di nav de 51 kes bi awayek\u00ee derhiq\u00fbq\u00ee hatib\u00fbn bin\u00e7avkirin. L\u00ea mixabin pi\u015ft\u00ee van bin\u00e7avkirinan 30 kes hatin girtin \u00fb xebatkar\u00ean \u00e7apemeniy\u00ea ji ber xebat\u00ean xwe y\u00ean p\u00ee\u015fey\u00ee careke din hatin darizandin.<\/p>\n\n\n\n<p>Weke Komeleya Rojnameger\u00ean Jin \u00ean Mezopotamyay\u00ea (MKG) em careke din tekez dikin ku rojnameger\u00ee ne s\u00fbc e \u00fb daxwaz dikin ku heval\u00ean me demildest b\u00ean berdan. Azadiya \u00e7apemeniy\u00ea kevir\u00ea bingeh\u00een \u00ea civak\u00ean demokrat\u00eek e \u00fb bi b\u00eadengkirina rojnamegeran rastiyan nay\u00ean ve\u015fartin!<\/p>\n\n\n\n<p>\u00c7apemeniya azad garantiya maf\u00ea raya gi\u015ft\u00ee ya girtina agahiyan e. Ev zext\u00ean b\u00eadengkirina rojnamegeran ne ten\u00ea kes\u00ean li pey heq\u00eeqet\u00ea ne, maf\u00ea civak\u00ea y\u00ea ron\u00eekirin\u00ea j\u00ee dike hedef.<\/p>\n\n\n\n<p>Em careke din bang li rayedaran dikin; Rojnameger\u00ean girt\u00ee tavil\u00ea serbest berdin! Zext\u00ean li ser azadiya \u00e7apemen\u00ee \u00fb \u00eefadey\u00ea rawest\u00eenin! Rojnameger\u00ee ne s\u00fbc e \u00fb nabe ku wek s\u00fbc b\u00ea hesibandin!<\/p>\n\n\n\n<p>Em j\u00ee weke Komeleya Rojnameger\u00ean Jin \u00ean Mezopotamyay\u00ea d\u00ea li k\u00ealeka hevr\u00eay\u00ean xwe bin. Rojnamevan\u00ean ku li rastiy\u00ea digerin nay\u00ean b\u00eadeng kirin!<\/p>\n\n\n\n<p><strong>Komeleya Rojnameger\u00ean Jin \u00ean Mezopotamyay\u00ea (MKG)<\/strong><\/p>\n","protected":false},"excerpt":{"rendered":"<p>Azadiya \u00e7apemeniy\u00ea nay\u00ea b\u00eadengkirin! Di 18\u2019\u00ea Sibat\u00ea de hevr\u00eay\u00ean me El\u00eef Akgul, Yildiz Tar \u00fb Ercument Akden\u00eez j\u00ee di nav de 51 kes bi awayek\u00ee derhiq\u00fbq\u00ee hatib\u00fbn bin\u00e7avkirin. L\u00ea mixabin pi\u015ft\u00ee van bin\u00e7avkirinan 30 kes hatin girtin \u00fb xebatkar\u00ean \u00e7apemeniy\u00ea ji ber xebat\u00ean xwe y\u00ean p\u00ee\u015fey\u00ee careke din hatin darizandin. Weke Komeleya Rojnameger\u00ean Jin \u00ean [&hellip;]<\/p>\n","protected":false},"author":1,"featured_media":12808,"comment_status":"closed","ping_status":"open","sticky":false,"template":"","format":"standard","meta":{"footnotes":""},"categories":[50,49],"tags":[],"mektuplar":[],"class_list":["post-13649","post","type-post","status-publish","format-standard","has-post-thumbnail","hentry","category-daxuyaniyen-capemeniye","category-navenda-medyaye"],"_links":{"self":[{"href":"https:\/\/mkgdernek.org\/kr\/wp-json\/wp\/v2\/posts\/13649","targetHints":{"allow":["GET"]}}],"collection":[{"href":"https:\/\/mkgdernek.org\/kr\/wp-json\/wp\/v2\/posts"}],"about":[{"href":"https:\/\/mkgdernek.org\/kr\/wp-json\/wp\/v2\/types\/post"}],"author":[{"embeddable":true,"href":"https:\/\/mkgdernek.org\/kr\/wp-json\/wp\/v2\/users\/1"}],"replies":[{"embeddable":true,"href":"https:\/\/mkgdernek.org\/kr\/wp-json\/wp\/v2\/comments?post=13649"}],"version-history":[{"count":1,"href":"https:\/\/mkgdernek.org\/kr\/wp-json\/wp\/v2\/posts\/13649\/revisions"}],"predecessor-version":[{"id":13650,"href":"https:\/\/mkgdernek.org\/kr\/wp-json\/wp\/v2\/posts\/13649\/revisions\/13650"}],"wp:featuredmedia":[{"embeddable":true,"href":"https:\/\/mkgdernek.org\/kr\/wp-json\/wp\/v2\/media\/12808"}],"wp:attachment":[{"href":"https:\/\/mkgdernek.org\/kr\/wp-json\/wp\/v2\/media?parent=13649"}],"wp:term":[{"taxonomy":"category","embeddable":true,"href":"https:\/\/mkgdernek.org\/kr\/wp-json\/wp\/v2\/categories?post=13649"},{"taxonomy":"post_tag","embeddable":true,"href":"https:\/\/mkgdernek.org\/kr\/wp-json\/wp\/v2\/tags?post=13649"},{"taxonomy":"mektuplar","embeddable":true,"href":"https:\/\/mkgdernek.org\/kr\/wp-json\/wp\/v2\/mektuplar?post=13649"}],"curies":[{"name":"wp","href":"https:\/\/api.w.org\/{rel}","templated":true}]}}