{"id":13656,"date":"2025-03-03T12:26:08","date_gmt":"2025-03-03T09:26:08","guid":{"rendered":"https:\/\/mkgdernek.org\/kr\/?p=13656"},"modified":"2025-03-03T13:08:08","modified_gmt":"2025-03-03T10:08:08","slug":"rapora-binpekirina-mafen-jinen-rojnameger-a-sibata-2025an","status":"publish","type":"post","link":"https:\/\/mkgdernek.org\/kr\/blog\/rapor\/rapora-binpekirina-mafen-jinen-rojnameger-a-sibata-2025an\/2025\/03\/13656\/","title":{"rendered":"RAPORA BINP\u00caKIRINA MAF\u00caN JIN\u00caN ROJNAMEGER A SIBATA 2025&#8217;AN"},"content":{"rendered":"\n<figure class=\"wp-block-table\"><table class=\"has-fixed-layout\"><tbody><tr><td><strong>NIRXANDIN <u><\/u><\/strong><\/td><\/tr><\/tbody><\/table><\/figure>\n\n\n\n<p>Azadiya \u00e7apemeniy\u00ea mafek\u00ee bingeh\u00een \u00ea demokrat\u00eek e ku r\u00ea dide raya gi\u015ft\u00ee bigih\u00eaje agahiy\u00ean rast \u00fb b\u00eaal\u00ee. L\u00ea \u00eero zext\u00ean li ser \u00e7apemeniya azad z\u00eade dibin \u00fb xebat\u00ean rojnamegeriy\u00ea weke h\u00eamaneke s\u00fbc t\u00ea n\u00ee\u015fandan. Bi taybet\u00ee rojnameger\u00ean jin hem ji ber p\u00ee\u015feya xwe \u00fb hem j\u00ee ji ber newekheviya zayend\u00ee bi binp\u00eakirina gelek mafan r\u00fb bi r\u00fb dim\u00eenin.<\/p>\n\n\n\n<p>Weke Komeleya Rojnameger\u00ean Jin a Mezopotamyay\u00ea (MKG) em rapora binp\u00eakirina mafan a Sibata 2025\u2019an a li dij\u00ee rojnamegeran a li ser zext, sansur \u00fb binp\u00eakirin\u00ean mafan \u00ean li ser \u00e7apemeniya serbixwe, bi raya gi\u015ft\u00ee re parve dikin. Rapora me bi awayek\u00ee zelal radixe ber \u00e7avan ku rojnameger \u015f\u00eedet\u00ea dib\u00eenin, t\u00ean bin\u00e7avkirin, darizandin \u00fb bi sansur\u00ea r\u00fb bi r\u00fb dim\u00eenin. Ev derqan\u00fbn\u00ee ne.<\/p>\n\n\n\n<p>Rojnameger dema n\u00fb\u00e7eyan di\u015fop\u00eenin tundiya f\u00eez\u00eek\u00ee li wan t\u00ea kirin, t\u00ean bin\u00e7avkirin \u00fb girtin. Di meha sibat\u00ea de 3 rojnameger bi \u00eari\u015f\u00ea r\u00fb bi r\u00fb man, 4 j\u00ea hatin bin\u00e7avkirin \u00fb 2 j\u00ee hatin girtin. Di serdegirtina pol\u00eesan a li ser mala w\u00ea de rojnameger Ozn\u00fbr Deger bi kelep\u00e7eya berovaj\u00ee l\u00eadan xwar, dest dan\u00een ser alav\u00ean w\u00ea y\u00ean tekn\u00eek\u00ee \u00fb pi\u015ftre hate girtin. Li gel tundiya ku di bin \u00e7avan de p\u00ea r\u00fb bi r\u00fb ma j\u00ee, di rapora nexwe\u015fxaney\u00ea de \u00eefadeya &#8220;l\u00ea nehatiye dayin&#8221; heye.<\/p>\n\n\n\n<p>Rojnameger Rab\u00eea Onver \u00fb Med\u00eene Mamedogl\u00fb ku tay\u00eenkirina qey\u00fbm a li \u015earedariya Bajar\u00ea Mezin a Wan\u00ea di\u015fopandin, bi tundiya pol\u00eesan r\u00fb bi r\u00fb ma \u00fb bi kelep\u00e7eya berovaj\u00ee hatin bin\u00e7avkirin. Rab\u00eea Onver pi\u015ft\u00ee \u00eefadey\u00ea hat berdan, l\u00ea kamera \u00fb telefon\u00ean w\u00ea hatin desteserkirin. Med\u00eene Mamedoglu j\u00ee pi\u015ft\u00ee \u00eefadey\u00ea hat berdan. El\u00eef Akgul di \u00e7ar\u00e7oveya l\u00eapirs\u00eena li Stenbol\u00ea de li Enqerey\u00ea hat bin\u00e7avkirin \u00fb 24 saetan maf\u00ea w\u00ea y\u00ea hevd\u00eetina bi par\u00eazer\u00ea w\u00ea re hat astengkirin. Pi\u015ft\u00ee ku dema bin\u00e7avkirina w\u00ea hat dir\u00eajkirin, di 21&#8217;\u00ea Sibat\u00ea de hat girtin \u00fb \u015fandin girt\u00eegeh\u00ea. Ev b\u00fbyer careke din n\u00ee\u015fan didin ku rojnameger dema ku peywira xwe dikin zext\u00ean s\u00eestemat\u00eek li wan t\u00ean kirin \u00fb bi p\u00eakan\u00een\u00ean derqan\u00fbn\u00ee r\u00fb bi r\u00fb dim\u00eenin.<\/p>\n\n\n\n<p>Zext\u00ean qan\u00fbn\u00ee y\u00ean li ser rojnamegeran nah\u00eale ku ew bi serbest\u00ee kar\u00ean xwe bikin \u00fb wek\u00ee hewldanek ji bo b\u00eadengkirina medyaya serbixwe t\u00eane bikaran\u00een. Di meha sibat\u00ea de der bar\u00ea 2 rojnamegeran de l\u00eapirs\u00een hat vekirin, der bar\u00ea 3 rojnamegeran de doz hat vekirin \u00fb bi gi\u015ft\u00ee 10 rojnameger girt\u00ee ne. Eylem Babay\u00eeg\u00eet, Necla Dem\u00eer Arvas \u00fb Reyhan Hac\u00eeogl\u00fb ji ber kar\u00ean xwe y\u00ean p\u00ee\u015fey\u00ee bi hincet\u00ean giran \u00ean wek\u00ee &#8216;endamtiya r\u00eaxistin\u00ea&#8217; t\u00ean darizandin. Bernamey\u00ean telev\u00eezyon\u00ea, parvekirin\u00ean medyaya d\u00eej\u00eetal \u00fb naveroka n\u00fb\u00e7eyan \u00ea rojnamegeran weke h\u00eaman\u00ean s\u00fbc t\u00ean n\u00ee\u015fandan. Melek Avci ji ber parvekirin\u00ean n\u00fb\u00e7ey\u00ean xwe y\u00ean li ser medyaya d\u00eej\u00eetal bi s\u00fbcdariya &#8216;propagandaya r\u00eaxistin\u00ea&#8217; t\u00ea darizandin. Nev\u015f\u00een Mengu bi \u00eediaya&nbsp; &#8216;propagandaya r\u00eaxistin\u00ea&#8217; &nbsp;ji ber roportajeke xwe hat darizandin \u00fb salek \u00fb 3 meh cezay\u00ea girt\u00eegeh\u00ea l\u00ea hat bir\u00een.<\/p>\n\n\n\n<p>P\u00eavajoy\u00ean wiha y\u00ean daraz\u00ea y\u00ean li dij\u00ee rojnamegeran t\u00ea wateya tinekirina azadiya \u00e7apemeniy\u00ea. Azadiya raman \u00fb derbir\u00een\u00ea yek ji h\u00eem\u00ean bingeh\u00een \u00ean civak\u00ean demokrat\u00eek e \u00fb div\u00ea rojnameger ji ber p\u00eakan\u00eena erka xwe ney\u00ean cezakirin. Zext\u00ean li ser rojnamegeran ne ten\u00ea f\u00eez\u00eek\u00ee \u00fb hiq\u00fbq\u00ee ne, di qada d\u00eej\u00eetal de j\u00ee sans\u00fbreke tund t\u00ea kirin. Di meha sibat\u00ea de 3 malper\u00ean n\u00fb\u00e7eyan hatin girtin \u00fb ketina 9 platform\u00ean medyaya d\u00eej\u00eetal hate astengkirin. Hesab\u00ean X&#8217;\u00ea y\u00ean Kurd\u00ee \u00fb Tirk\u00ee y\u00ean JINNEWS&#8217;\u00ea, hesab\u00ean medyaya d\u00eej\u00eetal \u00ean Ajansa Mezopotamyay\u00ea (MA), Amed Times, Serhat News, Rojnameya Xweb\u00fbn\u00ea, Arti Ger\u00e7ek \u00fb Ozgur TV&#8217;y\u00ea hatin astengkirin. Her wiha Serv\u00eesa Kurd\u00ee ya Deng\u00ea Amer\u00eekay\u00ea, malpera Ajansa Mezopotamyay\u00ea \u00fb Ajansa S\u00fbr hatin girtin. Van astengiy\u00ean gih\u00ee\u015ftina platform\u00ean medyaya d\u00eej\u00eetal rasterast maf\u00ea gel \u00ea giha\u015ftina agahdariya rast binp\u00ea dike. Azadiya \u00e7apemeniy\u00ea ne ten\u00ea maf\u00ea rojnamegeran her wiha maf\u00ea hem\u00fb civak\u00ea ye.<\/p>\n\n\n\n<p>Weke Komeleya Rojnameger\u00ean Jin a Mezopotamyay\u00ea (MKG) em hem\u00fb zext\u00ean li ser \u00e7apemeniya serbixwe \u015fermezar dikin \u00fb careke din biryardariya xwe ya parastina azadiya \u00e7apemeniy\u00ea radigih\u00eenin. Rojnamegeriya serbixwe garantiya maf\u00ea raya gi\u015ft\u00ee ya wergirtina n\u00fb\u00e7eyan e. L\u00ea bel\u00ea rojnameger dema kar\u00ea xwe dikin \u00fb ji ber newekheviya zayend\u00ee zext li wan t\u00ea kirin. Ev rew\u015f ne ten\u00ea parastina maf\u00ea rojnamegeran di dixe xeterey\u00ea, di heman dem\u00ea de maf\u00ea hem\u00fb civak\u00ea dixe xeteriy\u00ea.<\/p>\n\n\n\n<p>Em bang li hem\u00fb raya gi\u015ft\u00ee ya demokrat\u00eek dikin ku li dij\u00ee van \u00ear\u00ee\u015f\u00ean giran \u00ean li ser p\u00ee\u015feya rojnamegeriy\u00ea deng\u00ea xwe bilind bikin \u00fb hevgirtina bi \u00e7apemeniya serbixwe re z\u00eade bikin!<\/p>\n\n\n\n<figure class=\"wp-block-table\"><table class=\"has-fixed-layout\"><tbody><tr><td><strong>DANEY\u00caN \u00ceSTAT\u00ceK\u00ce Y\u00caN RAPORA BINP\u00caKIRINA MAF\u00caN JIN\u00caN ROJNAMEGER A MEHA SIBATA 2025&#8217;AN<\/strong> <strong><u>&nbsp;<\/u><\/strong><\/td><\/tr><\/tbody><\/table><\/figure>\n\n\n\n<p><strong><u>1)BINP\u00caKIRINA MAF\u00caN LI DIJ\u00ce EWLEH\u00ce \u00db MAF\u00ca JIYAN\u00ca Y\u00caN ROJNAMEGERAN<\/u><\/strong><strong><u><\/u><\/strong><\/p>\n\n\n\n<figure class=\"wp-block-table\"><table class=\"has-fixed-layout\"><tbody><tr><td rowspan=\"2\">Rojnameger \u00fb we\u015fan\u00ean \u00eari\u015f li wan hatine kirin<\/td><td>Rojnameger<\/td><td>3<\/td><\/tr><tr><td>We\u015fan<\/td><td>&#8211;<\/td><\/tr><tr><td colspan=\"2\">Rojnameger\u00ean hatine ku\u015ftin<\/td><td>&#8211;<\/td><\/tr><tr><td colspan=\"2\">Rojnameger\u00ean bi ser mal\u00ean wan de hatine girtin<\/td><td>1<\/td><\/tr><tr><td colspan=\"2\">Rojnameger\u00ean hatine bin\u00e7avkirin<\/td><td>4<\/td><\/tr><tr><td colspan=\"2\">Rojnameger\u00ean hatine girtin<\/td><td>2<\/td><\/tr><tr><td colspan=\"2\">Rojnameger\u00ean muemeleya xerab li wan hat kirin<\/td><td>6<\/td><\/tr><tr><td colspan=\"2\">Rojnameger\u00ean gef li wan hatine xwarin<\/td><td>&#8211;<\/td><\/tr><tr><td colspan=\"2\">Rojnameger\u00ean \u015fopandina wan a n\u00fb\u00e7eyan hatine astengkirin<\/td><td>2<\/td><\/tr><tr><td colspan=\"2\">Binp\u00eakirin\u00ean li dij\u00ee Rojnameger\u00ean li Girt\u00eegehan<\/td><td>&#8211;<\/td><\/tr><\/tbody><\/table><\/figure>\n\n\n\n<p><strong><u>2) BINP\u00caKIRINA RAMANA AZADIY\u00ca YA ROJNAMEGERAN<\/u><\/strong><strong><u><\/u><\/strong><\/p>\n\n\n\n<figure class=\"wp-block-table\"><table class=\"has-fixed-layout\"><tbody><tr><td colspan=\"2\">Rojnameger\u00ean derbar\u00ea wan de l\u00eapirs\u00een hat vekirin<\/td><td>2<\/td><\/tr><tr><td colspan=\"2\">Rojnameger\u00ean derbar\u00ea wan de doz hatine vekirin<\/td><td>3<\/td><\/tr><tr><td rowspan=\"3\">Rojnameger\u00ean hatine cezakirin<\/td><td>Hejmara kesan<\/td><td>2<\/td><\/tr><tr><td>Cezay\u00ea heps\u00ea<\/td><td>2 sal 6 meh<\/td><\/tr><tr><td>Cezay\u00ea pere<\/td><td>&#8211;<\/td><\/tr><tr><td rowspan=\"2\">Rojnameger\u00ean ku darizandina wan berdewam dike<\/td><td>Hejmara dosyayan<\/td><td>7<\/td><\/tr><tr><td>Hejmara kesan<\/td><td>8<\/td><\/tr><tr><td colspan=\"2\">Hejmara Rojnameger\u00ean Girt\u00ee (Ji 4\u2019\u00ea \u00c7ileya 2023\u2019an heta niha )<\/td><td>10<\/td><\/tr><\/tbody><\/table><\/figure>\n\n\n\n<p><strong><u>3) BINP\u00caKIRINA MAF\u00caN CIVAK\u00ce\/ABOR\u00ce Y\u00caN ROJNAMEGERAN<\/u><\/strong><strong><u><\/u><\/strong><\/p>\n\n\n\n<figure class=\"wp-block-table\"><table class=\"has-fixed-layout\"><tbody><tr><td>Rojnameger\u00ean ji kar hatin av\u00eatin<\/td><td>&#8211;<\/td><\/tr><tr><td>Rojnameger\u00ean Kart\u00ean Wan \u00ean \u00c7apemeniy\u00ea Hatin Betalkirin<\/td><td>&#8211;<\/td><\/tr><\/tbody><\/table><\/figure>\n\n\n\n<p><strong><u>4)ASTENGKIRINA HESAB\u00caN MEDYAYA D\u00ceJ\u00ceTAL<\/u><\/strong><strong><u><\/u><\/strong><\/p>\n\n\n\n<figure class=\"wp-block-table\"><table class=\"has-fixed-layout\"><tbody><tr><td>Malper\u00ean hatine girtin<\/td><td>3<\/td><\/tr><tr><td>Hesab\u00ean medyaya d\u00eej\u00eetal \u00ean hatine girtin<\/td><td>&#8211;<\/td><\/tr><tr><td>Platform\u00ean Medyaya D\u00eej\u00eetal \u00ean Hatine Astengkirin<\/td><td>9<\/td><\/tr><\/tbody><\/table><\/figure>\n\n\n\n<p><strong>L\u00ceSTEYA ROJNAMEGER\u00caN GIRT\u00ce<\/strong><\/p>\n\n\n\n<p>1.Elif Akgul &#8211; Rojnameger<\/p>\n\n\n\n<p>2.Elif Ersoy &#8211; Berpirsa Kar\u00ea Niv\u00ees\u00ea ya Kovara Yuruyu\u015f\u00ea<\/p>\n\n\n\n<p>3.Eylem Babayigit \u2013 Rojnameger<\/p>\n\n\n\n<p>4.Hatice Duman &#8211; Mudura Kar\u00ea Niv\u00ees\u00ea \u00fb Xwediya Rojnameya Atilim\u00ea<\/p>\n\n\n\n<p>5.Necla Demir Arvas &#8211; Rojnameger<\/p>\n\n\n\n<p>6.Ozden Kinik &#8211; Xebatkara TRT&#8217;\u00ea ya ber\u00ea<\/p>\n\n\n\n<p>7.Ozn\u00fbr De\u011fer \u2013 N\u00fb\u00e7eg\u00eehana JinNews&#8217;\u00ea<\/p>\n\n\n\n<p>8.Rahime Karvar \u2013&nbsp; Rojnameger<\/p>\n\n\n\n<p>9.Reyhan Hacioglu \u2013 Rojnameya Yeni Ya\u015fam\u00ea<\/p>\n\n\n\n<p>10.Zuleyha Muldur \u2013 Ajansa N\u00fb\u00e7eyan a Etkin\u00ea<\/p>\n","protected":false},"excerpt":{"rendered":"<p>NIRXANDIN Azadiya \u00e7apemeniy\u00ea mafek\u00ee bingeh\u00een \u00ea demokrat\u00eek e ku r\u00ea dide raya gi\u015ft\u00ee bigih\u00eaje agahiy\u00ean rast \u00fb b\u00eaal\u00ee. L\u00ea \u00eero zext\u00ean li ser \u00e7apemeniya azad z\u00eade dibin \u00fb xebat\u00ean rojnamegeriy\u00ea weke h\u00eamaneke s\u00fbc t\u00ea n\u00ee\u015fandan. Bi taybet\u00ee rojnameger\u00ean jin hem ji ber p\u00ee\u015feya xwe \u00fb hem j\u00ee ji ber newekheviya zayend\u00ee bi binp\u00eakirina gelek mafan [&hellip;]<\/p>\n","protected":false},"author":1,"featured_media":13654,"comment_status":"closed","ping_status":"open","sticky":false,"template":"","format":"standard","meta":{"footnotes":""},"categories":[40,41],"tags":[],"mektuplar":[],"class_list":["post-13656","post","type-post","status-publish","format-standard","has-post-thumbnail","hentry","category-rapor","category-raporen-mehane"],"_links":{"self":[{"href":"https:\/\/mkgdernek.org\/kr\/wp-json\/wp\/v2\/posts\/13656","targetHints":{"allow":["GET"]}}],"collection":[{"href":"https:\/\/mkgdernek.org\/kr\/wp-json\/wp\/v2\/posts"}],"about":[{"href":"https:\/\/mkgdernek.org\/kr\/wp-json\/wp\/v2\/types\/post"}],"author":[{"embeddable":true,"href":"https:\/\/mkgdernek.org\/kr\/wp-json\/wp\/v2\/users\/1"}],"replies":[{"embeddable":true,"href":"https:\/\/mkgdernek.org\/kr\/wp-json\/wp\/v2\/comments?post=13656"}],"version-history":[{"count":2,"href":"https:\/\/mkgdernek.org\/kr\/wp-json\/wp\/v2\/posts\/13656\/revisions"}],"predecessor-version":[{"id":13659,"href":"https:\/\/mkgdernek.org\/kr\/wp-json\/wp\/v2\/posts\/13656\/revisions\/13659"}],"wp:featuredmedia":[{"embeddable":true,"href":"https:\/\/mkgdernek.org\/kr\/wp-json\/wp\/v2\/media\/13654"}],"wp:attachment":[{"href":"https:\/\/mkgdernek.org\/kr\/wp-json\/wp\/v2\/media?parent=13656"}],"wp:term":[{"taxonomy":"category","embeddable":true,"href":"https:\/\/mkgdernek.org\/kr\/wp-json\/wp\/v2\/categories?post=13656"},{"taxonomy":"post_tag","embeddable":true,"href":"https:\/\/mkgdernek.org\/kr\/wp-json\/wp\/v2\/tags?post=13656"},{"taxonomy":"mektuplar","embeddable":true,"href":"https:\/\/mkgdernek.org\/kr\/wp-json\/wp\/v2\/mektuplar?post=13656"}],"curies":[{"name":"wp","href":"https:\/\/api.w.org\/{rel}","templated":true}]}}