{"id":13660,"date":"2025-03-08T09:57:01","date_gmt":"2025-03-08T06:57:01","guid":{"rendered":"https:\/\/mkgdernek.org\/kr\/?p=13660"},"modified":"2025-03-08T09:57:01","modified_gmt":"2025-03-08T06:57:01","slug":"capemeniya-azad-jina-azad","status":"publish","type":"post","link":"https:\/\/mkgdernek.org\/kr\/blog\/navenda-medyaye\/nuce\/capemeniya-azad-jina-azad\/2025\/03\/13660\/","title":{"rendered":"\u00c7apemeniya Azad, Jina Azad!"},"content":{"rendered":"\n<p>Em \u00eero 8\u2019\u00ea Adar\u00ea Roja Jin\u00ean C\u00eehan\u00ea ku sembola t\u00eako\u015f\u00eena wekhev\u00ee, azad\u00ee \u00fb edalet\u00ea ya jin\u00ean c\u00eehan\u00ea ye, silav dikin.<\/p>\n\n\n\n<p>Li ser axa qed\u00eem a Mezopotamyay\u00ea jinan bi t\u00eako\u015f\u00eena xwe ya d\u00eerok\u00ee civak veguheriye \u00fb b\u00fbye deng\u00ea berxwedan \u00fb h\u00eaviy\u00ea.<\/p>\n\n\n\n<p>Em weke Komeleya Rojnameger\u00ean Jin a Mezopotamyay\u00ea li dij\u00ee zext, sans\u00fbr, tund\u00ee \u00fb cudakariya li ser jin\u00ean rojnameger t\u00eadiko\u015fin \u00fb t\u00eako\u015f\u00eena xwe didom\u00eenin. Em bi p\u00ean\u00fbs, kamera \u00fb deng\u00ea xwe heq\u00eeqet\u00ea di\u015fop\u00eenin. Bi v\u00ea re em \u00ea maf\u00ea jiyan\u00ea, ked, berxwedan \u00fb daxwaz\u00ean jinan bidin ber \u00e7avan.<\/p>\n\n\n\n<p>Rojnameger dema kar\u00ea xwe dikin gef li wan t\u00ean xwarin, bi sansur\u00ea r\u00fb bi r\u00fb dim\u00eenin, b\u00eakar t\u00ean hi\u015ftin \u00fb \u015f\u00eedet\u00ea dib\u00eenin. L\u00eabel\u00ea, em dizanin ku rast\u00ee b\u00eadeng nam\u00eene! Weke rojnameger tev\u00ee zextan j\u00ee em \u00ea bi hev re bi h\u00eaz bibin, pi\u015ftgiriy\u00ea bidin hev \u00fb rastiyan bib\u00eajin.<\/p>\n\n\n\n<p>\u00cero 10 heval\u00ean me y\u00ean rojnameger ji ber rastiy\u00ean ku niv\u00eesandine di girt\u00eegeh\u00ea de ne. L\u00eabel\u00ea, em dizanin ew \u00ea nikaribin rastiy\u00ea d\u00eel bigirin! Deng\u00ea wan deng\u00ea me ye. Em \u00ea hem li hundir hem j\u00ee li derve bi hevgirtin\u00ea xurt bibin \u00fb rastiyan bib\u00eajin.<\/p>\n\n\n\n<p>Civaka azad b\u00eay\u00ee \u00e7apemeniya azad ne p\u00eakan e!<\/p>\n\n\n\n<p>Di 8\u2019\u00ea Adar\u00ea de em bang li hem\u00fb jinan dikin ku hevgirtin\u00ea mezin bikin \u00fb bibin deng\u00ea rojnamegeran. Em \u00ea bi hev re t\u00eako\u015f\u00eena xwe ya ji bo c\u00eehanek wekhev \u00fb azad bidom\u00eenin!<\/p>\n\n\n\n<p>Bij\u00ee t\u00eako\u015f\u00eena jinan! Bij\u00ee \u00e7apemeniya azad!<\/p>\n\n\n\n<p><strong>Komeleya Rojnameger\u00ean Jin a Mezoptamyay\u00ea<\/strong><\/p>\n","protected":false},"excerpt":{"rendered":"<p>Em \u00eero 8\u2019\u00ea Adar\u00ea Roja Jin\u00ean C\u00eehan\u00ea ku sembola t\u00eako\u015f\u00eena wekhev\u00ee, azad\u00ee \u00fb edalet\u00ea ya jin\u00ean c\u00eehan\u00ea ye, silav dikin. Li ser axa qed\u00eem a Mezopotamyay\u00ea jinan bi t\u00eako\u015f\u00eena xwe ya d\u00eerok\u00ee civak veguheriye \u00fb b\u00fbye deng\u00ea berxwedan \u00fb h\u00eaviy\u00ea. Em weke Komeleya Rojnameger\u00ean Jin a Mezopotamyay\u00ea li dij\u00ee zext, sans\u00fbr, tund\u00ee \u00fb cudakariya li [&hellip;]<\/p>\n","protected":false},"author":1,"featured_media":13661,"comment_status":"closed","ping_status":"open","sticky":false,"template":"","format":"standard","meta":{"footnotes":""},"categories":[36],"tags":[],"mektuplar":[],"class_list":["post-13660","post","type-post","status-publish","format-standard","has-post-thumbnail","hentry","category-nuce"],"_links":{"self":[{"href":"https:\/\/mkgdernek.org\/kr\/wp-json\/wp\/v2\/posts\/13660","targetHints":{"allow":["GET"]}}],"collection":[{"href":"https:\/\/mkgdernek.org\/kr\/wp-json\/wp\/v2\/posts"}],"about":[{"href":"https:\/\/mkgdernek.org\/kr\/wp-json\/wp\/v2\/types\/post"}],"author":[{"embeddable":true,"href":"https:\/\/mkgdernek.org\/kr\/wp-json\/wp\/v2\/users\/1"}],"replies":[{"embeddable":true,"href":"https:\/\/mkgdernek.org\/kr\/wp-json\/wp\/v2\/comments?post=13660"}],"version-history":[{"count":1,"href":"https:\/\/mkgdernek.org\/kr\/wp-json\/wp\/v2\/posts\/13660\/revisions"}],"predecessor-version":[{"id":13662,"href":"https:\/\/mkgdernek.org\/kr\/wp-json\/wp\/v2\/posts\/13660\/revisions\/13662"}],"wp:featuredmedia":[{"embeddable":true,"href":"https:\/\/mkgdernek.org\/kr\/wp-json\/wp\/v2\/media\/13661"}],"wp:attachment":[{"href":"https:\/\/mkgdernek.org\/kr\/wp-json\/wp\/v2\/media?parent=13660"}],"wp:term":[{"taxonomy":"category","embeddable":true,"href":"https:\/\/mkgdernek.org\/kr\/wp-json\/wp\/v2\/categories?post=13660"},{"taxonomy":"post_tag","embeddable":true,"href":"https:\/\/mkgdernek.org\/kr\/wp-json\/wp\/v2\/tags?post=13660"},{"taxonomy":"mektuplar","embeddable":true,"href":"https:\/\/mkgdernek.org\/kr\/wp-json\/wp\/v2\/mektuplar?post=13660"}],"curies":[{"name":"wp","href":"https:\/\/api.w.org\/{rel}","templated":true}]}}