{"id":13664,"date":"2025-03-18T12:19:24","date_gmt":"2025-03-18T09:19:24","guid":{"rendered":"https:\/\/mkgdernek.org\/kr\/?p=13664"},"modified":"2025-06-14T22:26:39","modified_gmt":"2025-06-14T19:26:39","slug":"ji-capemeni-u-raya-gisti-re-6","status":"publish","type":"post","link":"https:\/\/mkgdernek.org\/kr\/blog\/navenda-medyaye\/bangewazi\/ji-capemeni-u-raya-gisti-re-6\/2025\/03\/13664\/","title":{"rendered":"Ji \u00c7apemen\u00ee \u00fb Raya Gi\u015ft\u00ee re"},"content":{"rendered":"\n<p>Weke Komeleya Rojnameger\u00ean Jin a Mezopotamyay\u00ea (MKG) em careke din ji bo hem\u00fb rojnameger\u00ean ku bi awayek\u00ee derhiq\u00fbq\u00ee t\u00ean girtin, bi taybet\u00ee j\u00ee ji bo hevr\u00eaya xwe Eylem Babay\u00eeg\u00eet bang dikin: Rojnameger\u00ee ne s\u00fbc e!<\/p>\n\n\n\n<p>Di \u00e7ar\u00e7oveya l\u00eapirs\u00eena li Stenbol\u00ea de rojnameger Necla Dem\u00eer, Rah\u00eeme Karvar, Ahmet Gune\u015f, Welat Ek\u00een, Vedat Or\u00fb\u00e7 \u00fb Reyhan Hac\u00eeogl\u00fb di 17\u2019\u00ea \u00c7ile de di serdegirtina malan de hatib\u00fbn bin\u00e7avkirin. Pi\u015ftre j\u00ee di 20&#8217;\u00ea \u00c7ile de Necla Dem\u00eer, Rah\u00eeme Karvar, Ahmet Gune\u015f, Welat Ek\u00een, Vedat Or\u00fb\u00e7 \u00fb Reyhan Hac\u00eeogl\u00fb bi \u00eediaya &#8220;endamtiya r\u00eaxistin\u00ea&#8221; hatin girtin. Eylem Babay\u00eeg\u00eet j\u00ee bi heman hincet\u00ea di 22&#8217;\u00ea \u00c7ile de hat girtin \u00fb \u015fandin Girt\u00eegeha Jinan a Bakirkoy\u00ea.<\/p>\n\n\n\n<p>Di \u00e7ar\u00e7oveya l\u00eapirs\u00een\u00ea de Ahmet Gune\u015f roja ku \u00eedianameya w\u00ee hat amadekirin bi \u015fert\u00ea kontrola edl\u00ee hat berdan. L\u00ea bel\u00ea roj\u00ean darizandina Eylem Babay\u00eeg\u00eet, Necla Dem\u00eer Arvas \u00fb Welat Ek\u00een hatin diyarkirin; Ji bo Reyhan Hac\u00eeogl\u00fb, Rah\u00eeme Karvar \u00fb Vedat Or\u00fb\u00e7 j\u00ee biryara b\u00eahiq\u00fbqiy\u00ea hat day\u00een. Ev biryar\u00ean keyf\u00ee y\u00ean b\u00ea hiq\u00fbq\u00ea b\u00fbne sedema dir\u00eajkirina dema girtina heval\u00ean me.<\/p>\n\n\n\n<p>Weke rojnameger em dizanin ku ew ji p\u00ean\u00fbsa me, deng\u00ea me \u00fb israra me ya niv\u00eesandina rastiy\u00ea ditirsin. Dixwazin deng\u00ea jinan qut bikin \u00fb t\u00eako\u015f\u00eena rojnameger\u00ean jin b\u00eadeng bikin. L\u00ea em ji vir careke din diq\u00eerin: Em li cem Eylem Babay\u00eeg\u00eet, Necla Dem\u00eer, Rah\u00eeme Karvar \u00fb hem\u00fb rojnamegeran in. Ji ber ku em dizanin ku; \u00c7apemeniya azad nay\u00ea b\u00eadengkirin, rojnameger nay\u00ean girtin! Em \u00ea heta dawiy\u00ea azadiya \u00e7apemeniy\u00ea, maf\u00ea raya gi\u015ft\u00ee ya agahdarkirin\u00ea \u00fb t\u00eako\u015f\u00eena bi r\u00fbmet a hevr\u00eay\u00ean xwe bipar\u00eazin.<\/p>\n\n\n\n<p>Eylem Babay\u00eeg\u00eet d\u00ea 19&#8217;\u00ea Adar\u00ea roja \u00c7ar\u015fem\u00ea li 22&#8217;yem\u00een Dadgeha Cezay\u00ea Giran a Stenbol\u00ea derkeve p\u00ea\u015fber\u00ee dadger. Weke MKG&#8217;\u00ea em ji raya gi\u015ft\u00ee re radigih\u00eenin ku em \u00ea v\u00ea r\u00fbni\u015ftin\u00ea bi\u015fop\u00eenin.<\/p>\n\n\n\n<p>Em careke din destn\u00ee\u015fan dikin, rojnameger nay\u00ean darizandin, rojnameger\u00ee ne s\u00fbc e, div\u00ea rojnameger\u00ean girt\u00ee demildest b\u00ean berdan.<\/p>\n\n\n\n<p>Ev bangawaz\u00ee ji bo hem\u00fb raya gi\u015ft\u00ee, di ser\u00ee de r\u00eaxistin\u00ean jinan, r\u00eaxistin\u00ean p\u00ee\u015fey\u00ee, par\u00eazer \u00fb par\u00eazvan\u00ean maf\u00ean mirovan e. Werin em 19\u2019\u00ea Adar\u00ea roja \u00c7ar\u015fem\u00ea li Edliyeya Stenbol\u00ea bin \u00fb pi\u015ftgiriy\u00ea bidin hevkara xwe \u00fb hem\u00fb rojnameger\u00ean girt\u00ee.<\/p>\n\n\n\n<p><strong>Komeleya Rojnameger\u00ean Jin \u00ean Mezopotamyay\u00ea (MKG)<\/strong><\/p>\n\n\n\n<p><\/p>\n","protected":false},"excerpt":{"rendered":"<p>Weke Komeleya Rojnameger\u00ean Jin a Mezopotamyay\u00ea (MKG) em careke din ji bo hem\u00fb rojnameger\u00ean ku bi awayek\u00ee derhiq\u00fbq\u00ee t\u00ean girtin, bi taybet\u00ee j\u00ee ji bo hevr\u00eaya xwe Eylem Babay\u00eeg\u00eet bang dikin: Rojnameger\u00ee ne s\u00fbc e! Di \u00e7ar\u00e7oveya l\u00eapirs\u00eena li Stenbol\u00ea de rojnameger Necla Dem\u00eer, Rah\u00eeme Karvar, Ahmet Gune\u015f, Welat Ek\u00een, Vedat Or\u00fb\u00e7 \u00fb Reyhan Hac\u00eeogl\u00fb [&hellip;]<\/p>\n","protected":false},"author":1,"featured_media":12808,"comment_status":"closed","ping_status":"open","sticky":false,"template":"","format":"standard","meta":{"footnotes":""},"categories":[44,50,49],"tags":[],"mektuplar":[],"class_list":["post-13664","post","type-post","status-publish","format-standard","has-post-thumbnail","hentry","category-bangewazi","category-daxuyaniyen-capemeniye","category-navenda-medyaye"],"_links":{"self":[{"href":"https:\/\/mkgdernek.org\/kr\/wp-json\/wp\/v2\/posts\/13664","targetHints":{"allow":["GET"]}}],"collection":[{"href":"https:\/\/mkgdernek.org\/kr\/wp-json\/wp\/v2\/posts"}],"about":[{"href":"https:\/\/mkgdernek.org\/kr\/wp-json\/wp\/v2\/types\/post"}],"author":[{"embeddable":true,"href":"https:\/\/mkgdernek.org\/kr\/wp-json\/wp\/v2\/users\/1"}],"replies":[{"embeddable":true,"href":"https:\/\/mkgdernek.org\/kr\/wp-json\/wp\/v2\/comments?post=13664"}],"version-history":[{"count":1,"href":"https:\/\/mkgdernek.org\/kr\/wp-json\/wp\/v2\/posts\/13664\/revisions"}],"predecessor-version":[{"id":13665,"href":"https:\/\/mkgdernek.org\/kr\/wp-json\/wp\/v2\/posts\/13664\/revisions\/13665"}],"wp:featuredmedia":[{"embeddable":true,"href":"https:\/\/mkgdernek.org\/kr\/wp-json\/wp\/v2\/media\/12808"}],"wp:attachment":[{"href":"https:\/\/mkgdernek.org\/kr\/wp-json\/wp\/v2\/media?parent=13664"}],"wp:term":[{"taxonomy":"category","embeddable":true,"href":"https:\/\/mkgdernek.org\/kr\/wp-json\/wp\/v2\/categories?post=13664"},{"taxonomy":"post_tag","embeddable":true,"href":"https:\/\/mkgdernek.org\/kr\/wp-json\/wp\/v2\/tags?post=13664"},{"taxonomy":"mektuplar","embeddable":true,"href":"https:\/\/mkgdernek.org\/kr\/wp-json\/wp\/v2\/mektuplar?post=13664"}],"curies":[{"name":"wp","href":"https:\/\/api.w.org\/{rel}","templated":true}]}}