{"id":13667,"date":"2025-03-21T18:57:22","date_gmt":"2025-03-21T15:57:22","guid":{"rendered":"https:\/\/mkgdernek.org\/kr\/?p=13667"},"modified":"2025-03-21T18:58:17","modified_gmt":"2025-03-21T15:58:17","slug":"we-kameraya-xwe-penusa-xwe-u-cane-xwe-ji-bo-heqiqete-feda-kir-nujiyan-erhan","status":"publish","type":"post","link":"https:\/\/mkgdernek.org\/kr\/blog\/navenda-medyaye\/we-kameraya-xwe-penusa-xwe-u-cane-xwe-ji-bo-heqiqete-feda-kir-nujiyan-erhan\/2025\/03\/13667\/","title":{"rendered":"W\u00ea kameraya xwe p\u00ean\u00fbsa xwe \u00fb can\u00ea xwe ji bo heq\u00eeqet\u00ea feda kir: N\u00fbjiyan Erhan"},"content":{"rendered":"\n<p>\u00cero di salvegera qetilkirina hevr\u00eaya me N\u00fbjiyan Erhan de em careke din t\u00eako\u015f\u00een, p\u00ean\u00fbs \u00fb berxwedana w\u00ea silav dikin.<\/p>\n\n\n\n<p>N\u00fbjiyan Erhan a ku di sal\u00ean 2013-2014\u2019an de b\u00fb \u015fahida fermana \u015eengal\u00ea ku yek ji \u00ear\u00ee\u015f\u00ean her\u00ee tar\u00ee y\u00ean d\u00eerok\u00ea ye, yek ji wan nav\u00ean destp\u00eak\u00ea b\u00fb ku qirkirina li ser civaka \u00cazid\u00ee bi taybet jinan ji c\u00eehan\u00ea re ragihand. Bi hezaran \u00cazid\u00ee ji ber \u00ear\u00ee\u015f\u00ean hovane y\u00ean DAI\u015e\u2019\u00ea hatin qetilkirin, jin li bazar\u00ean koleyan hatin firotin \u00fb bi sed hezaran mirov ji war\u00ean xwe hatin derxistin.<\/p>\n\n\n\n<p>N\u00fbjiyan Erhan bi p\u00ean\u00fbs \u00fb kameraya xwe di nava v\u00ea hov\u00eetiy\u00ea de b\u00fb deng\u00ea jin\u00ean \u00cazid\u00ee. Ew b\u00fb \u015fahid \u00fb jin\u00ean ku hatin revandin, li bazaran hatin firotin, dewlet\u00ean ku b\u00eadeng man, serhildana gelek\u00ee bi \u00eexanet\u00ea r\u00fb bi r\u00fb ma, vegot.<\/p>\n\n\n\n<p>L\u00ea N\u00fbjiyan Erhan ku deng\u00ea v\u00ea rastiy\u00ea ye, di 3\u2019\u00ea Adara 2017\u2019an de dema ku li bajar\u00ea Xanesor\u00ea y\u00ea \u015eengal\u00ea n\u00fb\u00e7e di\u015fopand, b\u00fb hedefa p\u00ea\u015fmergey\u00ean Roj \u00ean gir\u00eaday\u00ee PDK\u2019\u00ea \u00fb bi guleya li ser\u00ee ket, bir\u00eendar b\u00fb. N\u00fbjiyan Erhan a ku bi giran\u00ee bir\u00eendar b\u00fbb\u00fb di 22&#8217;y\u00ea Adara 2017&#8217;an de li&nbsp; nexwe\u015fxaney\u00ea jiyana xwe ji dest da.<\/p>\n\n\n\n<p>Di \u015fexs\u00ea N\u00fbjiyan Erhan de xeter\u00ee \u00fb bedel\u00ean ku jin\u00ean li Kurdistan\u00ea rojnamegeriy\u00ea dikin, careke din di b\u00eeran\u00een\u00ean me de cih digirin. N\u00fbjiyan dizan\u00eeb\u00fb ku berd\u00eala \u015fopandina heq\u00eeqet\u00ea dibe mirin be. Ne ten\u00ea hov\u00eetiya DAI\u015e\u2019\u00ea, zext \u00fb zordariya li ser jinan \u00fb b\u00eadengiya dewletan; Her wiha berxwedana jin\u00ean \u00cazid\u00ee \u00fb h\u00eaviya jiyan\u00ea ya ku li \u00e7iyay\u00ean \u015eengal\u00ea d\u00eesa \u015f\u00een b\u00fb, di d\u00eerok\u00ea de tomar kir. Rojnamegeriya N\u00fbjiyan; Ne ten\u00ea \u015fahidiyek b\u00fb, berpirsyariya b\u00fby\u00eena deng\u00ea gel \u00fb jinan b\u00fb. Ti\u015ft\u00ea ku \u00eero me jin\u00ean rojnameger bi r\u00ea ve dibe ev e: Tev\u00ee hem\u00fb tar\u00eetiy\u00ea bi israr diniv\u00eesin, vedib\u00eajin \u00fb rastiy\u00ea zind\u00ee dih\u00ealin.<\/p>\n\n\n\n<p>Em weke Komeleya Rojnameger\u00ean Jin a Mezopotamyay\u00ea, rojnamegeriya N\u00fbjiyan Erhan \u00fb t\u00eako\u015f\u00eena w\u00ea ya ji bo e\u015fkerekirina heq\u00eeqet\u00ea careke din silav dikin. Ku\u015ftina N\u00fbjiyan guleya li rojnameger\u00ee, jinan \u00fb heq\u00eeqet\u00ea t\u00ea re\u015fandine.<\/p>\n\n\n\n<p>\u00cero em di nav wan kesan de ne ku her\u00ee ba\u015f dizanin ku li her\u00eam\u00ea rojnameger\u00ee t\u00ea \u00e7i watey\u00ea, bi taybet\u00ee j\u00ee rojnamegeriya jin\u00ea. Tev\u00ee hem\u00fb zext, asteng\u00ee \u00fb komkujiyan j\u00ee em \u00ea di r\u00eaya N\u00fbjiyan de li ser \u015fopa heq\u00eeqet\u00ea bime\u015fin.<\/p>\n\n\n\n<p>Em careke din diq\u00eerin: Me N\u00fbjiyan Erhan ji b\u00eer nekir, em nah\u00ealin b\u00ea jib\u00eerkirin! Rast\u00ee w\u00ea nikaribe b\u00ea qetilkirin !<\/p>\n\n\n\n<p><strong>Komeleya Rojnameger\u00ean Jin a Mezopotamyay\u00ea (MKG)<\/strong><\/p>\n\n\n\n<p><\/p>\n","protected":false},"excerpt":{"rendered":"<p>\u00cero di salvegera qetilkirina hevr\u00eaya me N\u00fbjiyan Erhan de em careke din t\u00eako\u015f\u00een, p\u00ean\u00fbs \u00fb berxwedana w\u00ea silav dikin. N\u00fbjiyan Erhan a ku di sal\u00ean 2013-2014\u2019an de b\u00fb \u015fahida fermana \u015eengal\u00ea ku yek ji \u00ear\u00ee\u015f\u00ean her\u00ee tar\u00ee y\u00ean d\u00eerok\u00ea ye, yek ji wan nav\u00ean destp\u00eak\u00ea b\u00fb ku qirkirina li ser civaka \u00cazid\u00ee bi taybet jinan [&hellip;]<\/p>\n","protected":false},"author":1,"featured_media":12808,"comment_status":"closed","ping_status":"open","sticky":false,"template":"","format":"standard","meta":{"footnotes":""},"categories":[50,49],"tags":[],"mektuplar":[],"class_list":["post-13667","post","type-post","status-publish","format-standard","has-post-thumbnail","hentry","category-daxuyaniyen-capemeniye","category-navenda-medyaye"],"_links":{"self":[{"href":"https:\/\/mkgdernek.org\/kr\/wp-json\/wp\/v2\/posts\/13667","targetHints":{"allow":["GET"]}}],"collection":[{"href":"https:\/\/mkgdernek.org\/kr\/wp-json\/wp\/v2\/posts"}],"about":[{"href":"https:\/\/mkgdernek.org\/kr\/wp-json\/wp\/v2\/types\/post"}],"author":[{"embeddable":true,"href":"https:\/\/mkgdernek.org\/kr\/wp-json\/wp\/v2\/users\/1"}],"replies":[{"embeddable":true,"href":"https:\/\/mkgdernek.org\/kr\/wp-json\/wp\/v2\/comments?post=13667"}],"version-history":[{"count":1,"href":"https:\/\/mkgdernek.org\/kr\/wp-json\/wp\/v2\/posts\/13667\/revisions"}],"predecessor-version":[{"id":13668,"href":"https:\/\/mkgdernek.org\/kr\/wp-json\/wp\/v2\/posts\/13667\/revisions\/13668"}],"wp:featuredmedia":[{"embeddable":true,"href":"https:\/\/mkgdernek.org\/kr\/wp-json\/wp\/v2\/media\/12808"}],"wp:attachment":[{"href":"https:\/\/mkgdernek.org\/kr\/wp-json\/wp\/v2\/media?parent=13667"}],"wp:term":[{"taxonomy":"category","embeddable":true,"href":"https:\/\/mkgdernek.org\/kr\/wp-json\/wp\/v2\/categories?post=13667"},{"taxonomy":"post_tag","embeddable":true,"href":"https:\/\/mkgdernek.org\/kr\/wp-json\/wp\/v2\/tags?post=13667"},{"taxonomy":"mektuplar","embeddable":true,"href":"https:\/\/mkgdernek.org\/kr\/wp-json\/wp\/v2\/mektuplar?post=13667"}],"curies":[{"name":"wp","href":"https:\/\/api.w.org\/{rel}","templated":true}]}}