{"id":13670,"date":"2025-04-05T12:04:39","date_gmt":"2025-04-05T09:04:39","guid":{"rendered":"https:\/\/mkgdernek.org\/kr\/?p=13670"},"modified":"2025-04-05T12:04:39","modified_gmt":"2025-04-05T09:04:39","slug":"rapora-binpekirina-mafen-jinen-rojnameger-a-meha-adara-2025an","status":"publish","type":"post","link":"https:\/\/mkgdernek.org\/kr\/blog\/navenda-medyaye\/nuce\/rapora-binpekirina-mafen-jinen-rojnameger-a-meha-adara-2025an\/2025\/04\/13670\/","title":{"rendered":"RAPORA BINP\u00caKIRINA MAF\u00caN JIN\u00caN ROJNAMEGER A MEHA ADARA 2025&#8217;AN"},"content":{"rendered":"\n<figure class=\"wp-block-table\"><table class=\"has-fixed-layout\"><tbody><tr><td><strong>NIRXANDIN<u><\/u><\/strong><\/td><\/tr><\/tbody><\/table><\/figure>\n\n\n\n<p>Weke Komeleya Rojnameger\u00ean Jin a Mezopotamyay\u00ea (MKG) em rapora ku me di Adara 2025\u2019an de binp\u00eakirin\u00ean mafan \u00ean li dij\u00ee rojnameger\u00ean jin tomar kirine, p\u00ea\u015fk\u00ea\u015f\u00ee raya gi\u015ft\u00ee dikin. Li gor\u00ee agahiy\u00ean ku komeleya me ji \u00e7avkaniy\u00ean vekir\u00ee, saziy\u00ean \u00e7apemeniy\u00ea \u00fb qad\u00ea berhev kiriye; Di meha adar\u00ea de her\u00ee k\u00eam 56 binp\u00eakirin\u00ean cuda p\u00eak hatin. Em bi taybet\u00ee teqez dikin ku dibe ku hejmar\u00ean rast\u00een ji van hejmaran gelek z\u00eadetir bin.<\/p>\n\n\n\n<p>Rojnameger ten\u00ea ji ber ku n\u00fb\u00e7eyan di\u015fop\u00eenin \u00ear\u00ee\u015f\u00ean f\u00eez\u00eek\u00ee li wan t\u00ean kirin, t\u00ean bin\u00e7avkirin, girtin \u00fb bi awayek\u00ee s\u00eestemat\u00eek bi kampanyay\u00ean l\u00eenc\u00ea y\u00ean dij\u00eetal t\u00ean hedefgirtin. Di Adara 2025\u2019an de ev binp\u00eakirin bi taybet\u00ee pi\u015ft\u00ee du ge\u015fedan\u00ean kr\u00eet\u00eek z\u00eadetir b\u00fbn: Bi taybet di xwep\u00ea\u015fandan\u00ean bi boneya 8\u2019\u00ea Adar\u00ea Roja Jin\u00ean C\u00eehan\u00ea hatin lidarxistin de rojnameger\u00ean jin bi binp\u00eakirina mafan r\u00fb bi r\u00fb man. D\u00eesa dema Serok\u00ea \u015earedaiya Bajar\u00ea Mezin a Stenbol\u00ea, Ekrem \u00cemamogl\u00fb j\u00ee di nav de, gelek kes hatin bin\u00e7avkirin \u00e7alakiy\u00ean \u015fermezarkirin\u00ea dest p\u00ea kir\u00ean. Di van \u00e7alakiyana de j\u00ee gelek rojnameger hatin bin\u00e7avkirin. Di v\u00ea heyam\u00ea de li hember\u00ee rojnameger\u00ean ku li kolanan n\u00fb\u00e7e di\u015fop\u00eenin \u00ear\u00ee\u015f\u00ean pol\u00eesan hatin kirin \u00fb heval\u00ean me tev\u00ee nasnameya wan a p\u00ee\u015fey\u00ee j\u00ee&nbsp; l\u00eadan xwarin, hatin hedefgirtin, tundiya f\u00eez\u00eek\u00ee li wan hatin kirin \u00fb alav\u00ean wan hatin desteserkirin. Her wiha rojnamevan\u00ean ku di medyaya d\u00eej\u00eetal de b\u00fbne hedefa \u00ear\u00ee\u015f\u00ean zayend\u00ee, ten\u00ea ji ber ku erka xwe ya agahdarkirina gel bi cih t\u00eenin, bi pol\u00eet\u00eekayeke s\u00eestemat\u00eek a tirsandin\u00ea r\u00fb bi r\u00fb mane.<\/p>\n\n\n\n<p>Di meha adar\u00ea de 6 rojnameger bi \u00eari\u015fan r\u00fb bi r\u00fb man, 5 rojnameger hatin bin\u00e7avkirin, rojnamegerek hat girtin \u00fb av\u00eatin ser mal\u00ean 3 rojnamegeran. 9 rojnameger\u00ean jin bi muameleya xerab r\u00fb bi r\u00fb man; 6 rojnameger dema n\u00fb\u00e7e di\u015fopandin hatin astengkirin. Di v\u00ea tabloy\u00ea de em pirreng\u00ee \u00fb belavb\u00fbna tehd\u00eed\u00ean li hember rojnameger\u00ean jin \u00ean li qadan li ber xwe didin, bi zelal\u00ee dib\u00eenin. Li gel \u015f\u00eedeta fiz\u00eek\u00ee, mekan\u00eezmay\u00ean daraz\u00ea j\u00ee b\u00fbne am\u00fbreke din a zext\u00ea ya li hember rojnameger\u00ean jin. Derbar\u00ea gelek rojnameger\u00ean jin de l\u00eapirs\u00een t\u00ean vekirin, doz t\u00ean vekirin \u00fb bi hinceta naveroka n\u00fb\u00e7e \u00fb parvekirin\u00ean medyaya d\u00eej\u00eetal, bi p\u00eakan\u00een\u00ean kontrola edl\u00ee ve \u00e7ar\u00e7oveya wan t\u00ea astengkirin. Di meha adar\u00ea de der bar\u00ea 3 rojnamegeran de l\u00eapirs\u00een hat vekirin, der bar\u00ea 3 rojnamegeran de ji doz\u00ean n\u00fb hatin vekirin \u00fb darizandina 7 rojnamegeran dewam kir. Gelek ji van p\u00eavajoy\u00ean daraz\u00ea li ser s\u00fbc\u00ean nezelal \u00fb ji \u015f\u00eerovey\u00ea re vekir\u00ee t\u00eane kirin \u00fb s\u00eenor\u00ean rewa y\u00ean rojnamegeriy\u00ea binp\u00ea dikin.<\/p>\n\n\n\n<p>Binp\u00eakirin\u00ean mafan \u00ean ku rojnameger p\u00ea re r\u00fb bi r\u00fb dim\u00eenin ne ten\u00ea qad\u00ean f\u00eez\u00eek\u00ee \u00fb hiq\u00fbq\u00ee ne. Siyaseta sans\u00fbr \u00fb astengkirin\u00ea ya cid\u00ee di medyaya d\u00eej\u00eetal de j\u00ee heye. Di meha adar\u00ea de, malperek hate girtin \u00fb gih\u00ee\u015ftina \u015fe\u015f platform\u00ean medyaya d\u00eej\u00eetal hate astengkirin. Di nava van astengiy\u00ean gihi\u015ftin\u00ea de hesab\u00ea \u00censtagram\u00ea y\u00ea Ajansa Mezopotamya, hesab\u00ea X (Twitter) ya Bianet \u00fb hesab\u00ea \u015fexs\u00ee y\u00ea rojnameger Zeynep Ceren Kuray j\u00ee hene. Bi taybet\u00ee, hedefgirtina hesab\u00ean medyaya d\u00eej\u00eetal ku b\u00fbye yek ji r\u00eay\u00ean her\u00ee bilez \u00fb berbelav ji bo bidestxistina agahdariya gi\u015ft\u00ee, t\u00ea wateya binp\u00eakirina rasterast ne ten\u00ea ya rojnamegeran, l\u00ea her weha maf\u00ea gel \u00ea wergirtina n\u00fb\u00e7eyan. Weke Komeleya Rojnameger\u00ean Jin a Mezopotamyay\u00ea, em dib\u00eenin ku zext, gef \u00fb binp\u00eakirin\u00ean li ser rojnamegeran ji b\u00fbyer\u00ean munfer\u00eet z\u00eadetir b\u00fbye pol\u00eet\u00eekayeke dewlet\u00ea ya s\u00eestemat\u00eek \u00fb berdewam dike. P\u00ee\u015feya rojnamegeriy\u00ea bi taybet\u00ee ji bo jinan her roj vediguhere qadeke xeternak. Em careke din teqez dikin ku em li k\u00ealeka hem\u00fb rojnamevan\u00ean ku ji ber berdewamiya p\u00ee\u015feya xwe b\u00fbne hedef, t\u00ean cezakirin an j\u00ee hewl didin wan b\u00eadeng bikin, li p\u00ea\u015fber\u00ee van binp\u00eakirinan b\u00eadeng nam\u00eenin.<\/p>\n\n\n\n<p>Em ji raya gi\u015ft\u00ee re radigih\u00eenin ku em bi 10 rojnameger\u00ean jin \u00ean \u00eero li girt\u00eegehan girt\u00ee re ne \u00fb em dixwazin hem\u00fb hevr\u00eay\u00ean me tavil\u00ea b\u00ean berdan. Rojnameger\u00ee ne s\u00fbc e. Rojnameger\u00ean jin w\u00ea b\u00eadeng nem\u00eenin \u00fb li pey rastiyan bin. Ev t\u00eako\u015f\u00een ne ten\u00ea ji bo azadiya \u00e7apemeniy\u00ea, di heman dem\u00ea de ji bo raya gi\u015ft\u00ee j\u00ee ji bo bidestxistina agahiy\u00ean rast t\u00ea me\u015fandin.<\/p>\n\n\n\n<p>Em bang li hem\u00fb be\u015f\u00ean civak\u00ea dikin:<\/p>\n\n\n\n<p>*Azadiya \u00e7apemen\u00ee \u00fb derbir\u00een\u00ea mafek\u00ee bingeh\u00een \u00ea mirov\u00ee ye; div\u00ea were parastin \u00fb berfirehkirin.<\/p>\n\n\n\n<p>*Div\u00ea demildest zext \u00fb gef\u00ean zayend\u00ee y\u00ean li hember\u00ee rojnameger\u00ean jin b\u00ean l\u00eakol\u00eenkirin \u00fb daw\u00ee li pol\u00eet\u00eekay\u00ean b\u00eacezakirin\u00ea b\u00ean.<\/p>\n\n\n\n<p>*Div\u00ea dest ji p\u00eakan\u00een\u00ean sansura d\u00eej\u00eetal b\u00ea berdan \u00fb astengiy\u00ean xwegihi\u015ftin\u00ea b\u00ean rakirin.<\/p>\n\n\n\n<figure class=\"wp-block-table\"><table class=\"has-fixed-layout\"><tbody><tr><td><strong>DANEY\u00caN \u00ceSTAT\u00ceK\u00ce Y\u00caN RAPORA BINP\u00caKIRINA MAF\u00caN JIN\u00caN ROJNAMEGER A MEHA ADARA 2025&#8217;AN<u><\/u><\/strong><\/td><\/tr><\/tbody><\/table><\/figure>\n\n\n\n<p><strong><u>1) BINP\u00caKIRINA MAF\u00caN LI HEMBER\u00ce EWLEH\u00ce \u00db MAF\u00ca JIYAN\u00ca Y\u00caN ROJNAMEGERAN<\/u><\/strong><strong><u><\/u><\/strong><\/p>\n\n\n\n<figure class=\"wp-block-table\"><table class=\"has-fixed-layout\"><tbody><tr><td rowspan=\"2\">Rojnameger\u00ean \u00eari\u015f li wan hatine kirin<\/td><td>Rojnameger<\/td><td>6<\/td><\/tr><tr><td>Alav\u00ean we\u015fan\u00ea<\/td><td>&#8211;<\/td><\/tr><tr><td colspan=\"2\">Rojnameger\u00ean hatine ku\u015ftin<\/td><td>&#8211;<\/td><\/tr><tr><td colspan=\"2\">Rojnameger\u00ean bi ser mala wan de hatine girtin<\/td><td>3<\/td><\/tr><tr><td colspan=\"2\">Rojnameger\u00ean hatine bin\u00e7avkirin<\/td><td>5<\/td><\/tr><tr><td colspan=\"2\">Rojnameger\u00ean hatine girtin<\/td><td>1<\/td><\/tr><tr><td colspan=\"2\">Rojnameger\u00ean bi muameleya ne ba\u015f r\u00fb bi r\u00fb mane<\/td><td>9<\/td><\/tr><tr><td colspan=\"2\">Rojnameger\u00ean gef li wan hatine xwarin<\/td><td>3<\/td><\/tr><tr><td colspan=\"2\">Rojnameger\u00ean \u015fopandina wan a n\u00fb\u00e7eyan hatine astengkirin<\/td><td>6<\/td><\/tr><tr><td colspan=\"2\">Binp\u00eakirina maf\u00ean rojnamegeran a li girt\u00eegehan<\/td><td>1<\/td><\/tr><\/tbody><\/table><\/figure>\n\n\n\n<p><strong><u>2) BINP\u00caKIRINA MAF\u00caN \u00ceFADE \u00db RAMAN\u00ca YA LI HEMBER\u00ce ROJNAMEGERAN<\/u><\/strong><strong><u><\/u><\/strong><\/p>\n\n\n\n<figure class=\"wp-block-table\"><table class=\"has-fixed-layout\"><tbody><tr><td colspan=\"2\">Rojnameger\u00ean derbar\u00ea wan de l\u00eapirs\u00een hatin vekirin<\/td><td>2<\/td><\/tr><tr><td colspan=\"2\">Rojnameger\u00ean derbar\u00ea wan de doz hatin vekirin<\/td><td>3<\/td><\/tr><tr><td rowspan=\"3\">Rojnameger\u00ean hatine cezakirin<\/td><td>Hejmara kesan<\/td><td>1<\/td><\/tr><tr><td>Cezay\u00ea girt\u00eegeh\u00ea<\/td><td>1 Sal 6 Meh 22 Roj<\/td><\/tr><tr><td>Cezay\u00ea pere<\/td><td>&#8211;<\/td><\/tr><tr><td rowspan=\"2\">Rojnameger\u00ean darizandina wan didomin<\/td><td>Hejmara dosyayan<\/td><td>7<\/td><\/tr><tr><td>Hejmara kesan<\/td><td>7<\/td><\/tr><tr><td colspan=\"2\">Hejmara rojnameger\u00ean girt\u00ee (Ji 4&#8217;\u00ea \u00c7ileya 2023&#8217;ayn heta niha)<\/td><td>10<\/td><\/tr><\/tbody><\/table><\/figure>\n\n\n\n<p><strong><u>3) BINP\u00caKIRINA MAF\u00caN LI HEMBER MAF\u00caN CIVAK\u00ce \u00db ABOR\u00ce Y\u00caN ROJNAMEGERAN<\/u><\/strong><strong><u><\/u><\/strong><\/p>\n\n\n\n<figure class=\"wp-block-table\"><table class=\"has-fixed-layout\"><tbody><tr><td>Rojnameger\u00ean kar\u00ea wan hatine bidaw\u00eekirin<\/td><td>&#8211;<\/td><\/tr><tr><td>Rojnameger\u00ean qert\u00ean wan \u00ean \u00e7apameniy\u00ea hatine betalkirin<\/td><td>&#8211;<\/td><\/tr><\/tbody><\/table><\/figure>\n\n\n\n<p><strong><u>4) ASTENGKIRINA MECRAY\u00caN MEDYAYA D\u00ceJ\u00ceTAL \u00db \u00ceNTERNET\u00ca<\/u><\/strong><strong><u><\/u><\/strong><\/p>\n\n\n\n<figure class=\"wp-block-table\"><table class=\"has-fixed-layout\"><tbody><tr><td>S\u00eetey\u00ean \u00eenternet\u00ea y\u00ean hatine girtin<\/td><td>1<\/td><\/tr><tr><td>Hesab\u00ean medyaya d\u00eej\u00eetal \u00ean hatine girtin<\/td><td>&#8211;<\/td><\/tr><tr><td>Platform\u00ean medyay\u00ea y\u00ean hatine astengkirin<\/td><td>6<\/td><\/tr><\/tbody><\/table><\/figure>\n\n\n\n<p><strong><u>L\u00ceSTEYA ROJNAMEGER\u00caN GIRT\u00ce<\/u><\/strong><\/p>\n\n\n\n<p><strong><u>1) Elif Akgul &#8211; Rojnameger<\/u><\/strong><\/p>\n\n\n\n<p><strong><u>2) Elif Ersoy &#8211; Berpirsa Kar\u00ea Niv\u00ees\u00ea ya Kovara Yuruyu\u015f\u00ea<\/u><\/strong><\/p>\n\n\n\n<p><strong><u>3) Hatice Duman &#8211; Mudura kar\u00ea niv\u00ees\u00ea \u00fb xwediy\u00ea Rojnameya Atilim\u00ea<\/u><\/strong><\/p>\n\n\n\n<p><strong><u>4) Necla Demir Arvas &#8211; Rojnameger<\/u><\/strong><\/p>\n\n\n\n<p><strong><u>5) Ozden Kinik &#8211; Xebatkara ber\u00ea ya TRT&#8217;y\u00ea<\/u><\/strong><\/p>\n\n\n\n<p><strong><u>6) Oznur Deger \u2013 Mudura n\u00fb\u00e7eyan a JinNews\u00ea<\/u><\/strong><\/p>\n\n\n\n<p><strong><u>7) Rahime Karvar \u2013 Rojnameger<\/u><\/strong><\/p>\n\n\n\n<p><strong><u>8) Reyhan Hacioglu \u2013 Rojnameya Yeni Ya\u015fam\u00ea<\/u><\/strong><\/p>\n\n\n\n<p><strong><u>9) Say\u00eeme Oguzhan &#8211; Xwediy\u00ea \u00cemt\u00eeyaz\u00ea ya Rojnameya Kentin \u015e\u00ee\u015fl\u00ee Gazetesi<\/u><\/strong><\/p>\n\n\n\n<p><strong><u>10) Zuleyha Muldur \u2013 Ajansa N\u00fb\u00e7eyan a Etkin\u00ea<\/u><\/strong><\/p>\n","protected":false},"excerpt":{"rendered":"<p>NIRXANDIN Weke Komeleya Rojnameger\u00ean Jin a Mezopotamyay\u00ea (MKG) em rapora ku me di Adara 2025\u2019an de binp\u00eakirin\u00ean mafan \u00ean li dij\u00ee rojnameger\u00ean jin tomar kirine, p\u00ea\u015fk\u00ea\u015f\u00ee raya gi\u015ft\u00ee dikin. Li gor\u00ee agahiy\u00ean ku komeleya me ji \u00e7avkaniy\u00ean vekir\u00ee, saziy\u00ean \u00e7apemeniy\u00ea \u00fb qad\u00ea berhev kiriye; Di meha adar\u00ea de her\u00ee k\u00eam 56 binp\u00eakirin\u00ean cuda p\u00eak hatin. [&hellip;]<\/p>\n","protected":false},"author":1,"featured_media":13671,"comment_status":"closed","ping_status":"open","sticky":false,"template":"","format":"standard","meta":{"footnotes":""},"categories":[36],"tags":[],"mektuplar":[],"class_list":["post-13670","post","type-post","status-publish","format-standard","has-post-thumbnail","hentry","category-nuce"],"_links":{"self":[{"href":"https:\/\/mkgdernek.org\/kr\/wp-json\/wp\/v2\/posts\/13670","targetHints":{"allow":["GET"]}}],"collection":[{"href":"https:\/\/mkgdernek.org\/kr\/wp-json\/wp\/v2\/posts"}],"about":[{"href":"https:\/\/mkgdernek.org\/kr\/wp-json\/wp\/v2\/types\/post"}],"author":[{"embeddable":true,"href":"https:\/\/mkgdernek.org\/kr\/wp-json\/wp\/v2\/users\/1"}],"replies":[{"embeddable":true,"href":"https:\/\/mkgdernek.org\/kr\/wp-json\/wp\/v2\/comments?post=13670"}],"version-history":[{"count":1,"href":"https:\/\/mkgdernek.org\/kr\/wp-json\/wp\/v2\/posts\/13670\/revisions"}],"predecessor-version":[{"id":13672,"href":"https:\/\/mkgdernek.org\/kr\/wp-json\/wp\/v2\/posts\/13670\/revisions\/13672"}],"wp:featuredmedia":[{"embeddable":true,"href":"https:\/\/mkgdernek.org\/kr\/wp-json\/wp\/v2\/media\/13671"}],"wp:attachment":[{"href":"https:\/\/mkgdernek.org\/kr\/wp-json\/wp\/v2\/media?parent=13670"}],"wp:term":[{"taxonomy":"category","embeddable":true,"href":"https:\/\/mkgdernek.org\/kr\/wp-json\/wp\/v2\/categories?post=13670"},{"taxonomy":"post_tag","embeddable":true,"href":"https:\/\/mkgdernek.org\/kr\/wp-json\/wp\/v2\/tags?post=13670"},{"taxonomy":"mektuplar","embeddable":true,"href":"https:\/\/mkgdernek.org\/kr\/wp-json\/wp\/v2\/mektuplar?post=13670"}],"curies":[{"name":"wp","href":"https:\/\/api.w.org\/{rel}","templated":true}]}}