{"id":13707,"date":"2025-05-03T09:32:16","date_gmt":"2025-05-03T06:32:16","guid":{"rendered":"https:\/\/mkgdernek.org\/kr\/?p=13707"},"modified":"2025-06-14T22:26:01","modified_gmt":"2025-06-14T19:26:01","slug":"gotina-me-heye-penusa-me-heye-em-dev-je-bernadin","status":"publish","type":"post","link":"https:\/\/mkgdernek.org\/kr\/blog\/navenda-medyaye\/nuce\/gotina-me-heye-penusa-me-heye-em-dev-je-bernadin\/2025\/05\/13707\/","title":{"rendered":"Gotina me Heye, P\u00ean\u00fbsa me Heye; Em Dev j\u00ea Bernadin!"},"content":{"rendered":"\n<p>\u00cero 3&#8217;y\u00ea Gulan\u00ea Roja Azadiya \u00c7apemeniy\u00ea ya C\u00eehan\u00ee ye. Ji aliy\u00ea Netewey\u00ean Yekb\u00fby\u00ee ve hatiye ragihandin. Ev roj ji bo parastina azadiya xebatkar\u00ean \u00e7apemeniy\u00ea ya di ragihandina n\u00fb\u00e7eyan de \u00fb maf\u00ea raya gi\u015ft\u00ee ya ji bo gih\u00ee\u015ftina agahdariya rast \u00fb b\u00eaal\u00ee t\u00ea p\u00eerozkirin. L\u00eabel\u00ea, li Tirkiyey\u00ea \u00fb bi taybet\u00ee li erdn\u00eegariya Mezopotamyay\u00ea, ev roj ji p\u00eerozkirin\u00ea b\u00eatir b\u00fbye roja berxwedan\u00ea.<\/p>\n\n\n\n<p>Azadiya \u00e7apemeniy\u00ea mafek\u00ee mirov\u00ee y\u00ea gerd\u00fbn\u00ee ye. L\u00eabel\u00ea, rojnamevan\u00ean li Tirkiyey\u00ea, bi taybet\u00ee rojnamevan\u00ean jin \u00ean ku di \u00e7apemeniya Kurd\u00ee de dixebitin, di bin gef\u00ean berdewam de dij\u00een. Kes\u00ean ku dixwazin rastiy\u00ea e\u015fkere bikin bi l\u00eapirs\u00een, bin\u00e7avkirin, girtin, \u00ear\u00ee\u015f, sansura d\u00eej\u00eetal \u00fb kampanyay\u00ean b\u00ear\u00fbmetkirin\u00ea r\u00fb bi r\u00fb dim\u00eenin. Her n\u00fb\u00e7eyek ku rexney\u00ea li pol\u00eet\u00eekay\u00ean hik\u00fbmet\u00ea dike wek\u00ee &#8216;s\u00fbc&#8217; t\u00ea hesibandin; hewl t\u00ea day\u00een ku medyaya muxalefet\u00ea b\u00eadeng bibe.<\/p>\n\n\n\n<p>Ji aliy\u00ea din ve j\u00ee, rojnamevan v\u00ea zext\u00ea bi awayek\u00ee piral\u00eetir dij\u00een: Ew hem ji ber nasnamey\u00ean xwe y\u00ean siyas\u00ee \u00fb hem j\u00ee ji ber zayenda xwe t\u00eane hedefgirtin. N\u00fb\u00e7ey\u00ean ku deng\u00ea jinan e\u015fkere dikin \u00fb newekheviya zayend\u00ee e\u015fkere dikin, bi zexta dewlet\u00ea, medyaya ku ji h\u00eala m\u00earan ve serdest e \u00fb am\u00fbr\u00ean ewlehiy\u00ea re r\u00fb bi r\u00fb dim\u00eenin. Wek\u00ee Komeleya Rojnamevan\u00ean Jin a Mezopotamyay\u00ea, em her 3&#8217;y\u00ea Gulan\u00ea heman rastiy\u00ea bi b\u00eer dixin&nbsp; \u00fb dib\u00eajin; &#8216;Ger \u00e7apemen\u00ee were b\u00eadengkirin, gel j\u00ee t\u00ea b\u00eadengkirin&#8217; \u00fb &#8216;Ger deng\u00ea rojnamevan\u00ean jin were qutkirin, wijdan\u00ea civak\u00ea kw\u00eer dibe&#8217;. Em \u00ea dest\u00fbr\u00ea nedin v\u00ea yek\u00ea.<\/p>\n\n\n\n<p>Di sala 2024&#8217;an de gelek binp\u00eakirin\u00ean mafan li dij\u00ee rojnamevanan \u00e7\u00eab\u00fbne. Ji bil\u00ee van binp\u00eakirinan, bin\u00e7avkirin \u00fb girtin di tevahiya sal\u00ea de berdewam kirin. Di sala 2024&#8217;an de, her\u00ee k\u00eam 118 rojnamevan hatin bin\u00e7avkirin, 26 hatin girtin, 30 rojnamevan bi \u00ear\u00ee\u015fa f\u00eez\u00eek\u00ee r\u00fb bi r\u00fb man \u00fb gih\u00ee\u015ftina 5,260 n\u00fb\u00e7eyan hat astengkirin. Ev w\u00eane bi zelal\u00ee n\u00ee\u015fan dide ku azadiya \u00e7apemeniy\u00ea li Tirkiyey\u00ea ne ten\u00ea hatiye binp\u00eakirin, l\u00ea di heman dem\u00ea de b\u00fbye pol\u00eet\u00eekayeke saz\u00fbman\u00ee ya \u00e7avtirsandin\u00ea, nemaze ji bo rojnamevan\u00ean jin.<\/p>\n\n\n\n<p>Em hevkar\u00ean xwe y\u00ean ku di sala 2024&#8217;an de ji ber xebat\u00ean xwe y\u00ean rojnamegeriy\u00ea jiyana xwe ji dest dan bi r\u00eazdar\u00ee bi b\u00eer t\u00eenin: H\u00earo Bahad\u00een \u00fb Gulistan Tara: Ew di 23&#8217;y\u00ea Tebaxa 2024&#8217;an de li Sil\u00eamaniy\u00ea bi \u00eari\u015fa S\u00ceHA&#8217;yan a li dij\u00ee wesay\u00eeta rojnamegeran hatin qetilkirin. C\u00eehan Bilgin \u00fb Nazim Da\u015ftan dema ku p\u00ea\u015fketin\u00ean li Bakur \u00fb Rojhilat\u00ea S\u00fbriyey\u00ea di\u015fopandin, d\u00eesa ji aliy\u00ea S\u00ceHA&#8217;y\u00ean dewleta tirk ve hatin hedefgirtin \u00fb qetilkirin. Ev \u00ear\u00ee\u015f n\u00ee\u015fan didin ku maf\u00ea jiyana rojnamegeran \u00e7awa t\u00ea binp\u00eakirin. Ew ten\u00ea li d\u00fb rastiy\u00ea b\u00fbn. Em \u00ea ji cih\u00ea ku wan hi\u015ftib\u00fbn, bidom\u00eenin.<\/p>\n\n\n\n<p>Wek Komeleya Rojnameger\u00ean Jin a Mezopotamyay\u00ea, em daxwaza serbestberdana tavil\u00ea ya hem\u00fb rojnamevan\u00ean girt\u00ee, bidaw\u00eean\u00eena zext, tund\u00ee \u00fb hedefgirtina rojnamevanan \u00fb misogerkirina dest\u00fbr\u00ee ya azadiya \u00e7apemen\u00ee \u00fb raman\u00ea ji bo hem\u00fb welatiyan dikin.<\/p>\n\n\n\n<p>Ji ber ku parastina maf\u00ea raya gi\u015ft\u00ee y\u00ea wergirtina n\u00fb\u00e7eyan ne s\u00fbc e, ew r\u00fbmetek e.<\/p>\n\n\n\n<p>Em, wek\u00ee jin\u00ean ku li ser axa Mezopotamyay\u00ea li ser r\u00eaya rastiy\u00ea dime\u015fin, em \u00ea neh\u00ealin ku rast\u00ee di tariy\u00ea de winda bibe. Em \u00ea di her \u015fert \u00fb merc\u00ee de p\u00ean\u00fbs, kamera \u00fb deng\u00ea xwe li dij\u00ee medyaya serdest a m\u00earan, zexta dewlet\u00ea \u00fb sansura s\u00eestemat\u00eek bipar\u00eazin.<\/p>\n\n\n\n<p>Y\u00ean ku rastiy\u00ea diniv\u00eesin, w\u00ea biaxivin, ne y\u00ean ku ji rastiy\u00ea ditirsin!<\/p>\n\n\n\n<p><strong>Komeleya Rojnameger\u00ean Jin a Mezopotamyay\u00ea (MKG)<\/strong><\/p>\n\n\n\n<p><\/p>\n","protected":false},"excerpt":{"rendered":"<p>\u00cero 3&#8217;y\u00ea Gulan\u00ea Roja Azadiya \u00c7apemeniy\u00ea ya C\u00eehan\u00ee ye. Ji aliy\u00ea Netewey\u00ean Yekb\u00fby\u00ee ve hatiye ragihandin. Ev roj ji bo parastina azadiya xebatkar\u00ean \u00e7apemeniy\u00ea ya di ragihandina n\u00fb\u00e7eyan de \u00fb maf\u00ea raya gi\u015ft\u00ee ya ji bo gih\u00ee\u015ftina agahdariya rast \u00fb b\u00eaal\u00ee t\u00ea p\u00eerozkirin. L\u00eabel\u00ea, li Tirkiyey\u00ea \u00fb bi taybet\u00ee li erdn\u00eegariya Mezopotamyay\u00ea, ev roj ji [&hellip;]<\/p>\n","protected":false},"author":1,"featured_media":13708,"comment_status":"closed","ping_status":"open","sticky":false,"template":"","format":"standard","meta":{"footnotes":""},"categories":[44,36],"tags":[],"mektuplar":[],"class_list":["post-13707","post","type-post","status-publish","format-standard","has-post-thumbnail","hentry","category-bangewazi","category-nuce"],"_links":{"self":[{"href":"https:\/\/mkgdernek.org\/kr\/wp-json\/wp\/v2\/posts\/13707","targetHints":{"allow":["GET"]}}],"collection":[{"href":"https:\/\/mkgdernek.org\/kr\/wp-json\/wp\/v2\/posts"}],"about":[{"href":"https:\/\/mkgdernek.org\/kr\/wp-json\/wp\/v2\/types\/post"}],"author":[{"embeddable":true,"href":"https:\/\/mkgdernek.org\/kr\/wp-json\/wp\/v2\/users\/1"}],"replies":[{"embeddable":true,"href":"https:\/\/mkgdernek.org\/kr\/wp-json\/wp\/v2\/comments?post=13707"}],"version-history":[{"count":1,"href":"https:\/\/mkgdernek.org\/kr\/wp-json\/wp\/v2\/posts\/13707\/revisions"}],"predecessor-version":[{"id":13709,"href":"https:\/\/mkgdernek.org\/kr\/wp-json\/wp\/v2\/posts\/13707\/revisions\/13709"}],"wp:featuredmedia":[{"embeddable":true,"href":"https:\/\/mkgdernek.org\/kr\/wp-json\/wp\/v2\/media\/13708"}],"wp:attachment":[{"href":"https:\/\/mkgdernek.org\/kr\/wp-json\/wp\/v2\/media?parent=13707"}],"wp:term":[{"taxonomy":"category","embeddable":true,"href":"https:\/\/mkgdernek.org\/kr\/wp-json\/wp\/v2\/categories?post=13707"},{"taxonomy":"post_tag","embeddable":true,"href":"https:\/\/mkgdernek.org\/kr\/wp-json\/wp\/v2\/tags?post=13707"},{"taxonomy":"mektuplar","embeddable":true,"href":"https:\/\/mkgdernek.org\/kr\/wp-json\/wp\/v2\/mektuplar?post=13707"}],"curies":[{"name":"wp","href":"https:\/\/api.w.org\/{rel}","templated":true}]}}