{"id":13710,"date":"2025-05-05T10:00:39","date_gmt":"2025-05-05T07:00:39","guid":{"rendered":"https:\/\/mkgdernek.org\/kr\/?p=13710"},"modified":"2025-06-14T22:25:46","modified_gmt":"2025-06-14T19:25:46","slug":"rapora-binpekirina-mafen-jinen-rojnameger-a-meha-nisana-sala-2025an","status":"publish","type":"post","link":"https:\/\/mkgdernek.org\/kr\/blog\/navenda-medyaye\/nuce\/rapora-binpekirina-mafen-jinen-rojnameger-a-meha-nisana-sala-2025an\/2025\/05\/13710\/","title":{"rendered":"RAPORA BINP\u00caKIRINA MAF\u00caN JIN\u00caN ROJNAMEGER A MEHA N\u00ceSANA SALA 2025&#8217;AN"},"content":{"rendered":"\n<figure class=\"wp-block-table\"><table class=\"has-fixed-layout\"><tbody><tr><td><strong>NIRXANDIN<u><\/u><\/strong><\/td><\/tr><\/tbody><\/table><\/figure>\n\n\n\n<p><strong><u>Wek\u00ee Komeleya Rojnameger\u00ean Jin a Mezopotamyay\u00ea (MKG), zext, tehd\u00eed \u00fb pol\u00eet\u00eekay\u00ean sansur\u00ea y\u00ean li dij\u00ee rojnamevanan di N\u00eesana 2025&#8217;an de bi awayek\u00ee s\u00eestemat\u00eek berdewam kirin. Di demek\u00ea de ku azadiya \u00e7apemeniy\u00ea li Tirkiyey\u00ea di bin dorp\u00ea\u00e7eke k\u00fbr de ye, rojnamevan bar\u00ea her\u00ee giran \u00ea v\u00ea dorp\u00ea\u00e7\u00ea hildigirin. Rojnamevan, ku ji ber nasnameya xwe ya zayend\u00ee \u00fb her weha nasnameya xwe ya p\u00ee\u015fey\u00ee hedef t\u00ean girtin, bi du zextan r\u00fb bi r\u00fb dim\u00eenin \u00fb ten\u00ea ji ber ku rojnamevaniy\u00ea dikin, di bin zexta dadweriy\u00ea de ne.<\/u><\/strong><\/p>\n\n\n\n<p><strong><u>Girtin, l\u00eapirs\u00een, astengiy\u00ean fiz\u00eek\u00ee \u00fb sansur\u00ean d\u00eej\u00eetal \u00ean ku rojnamevanan hedef digirin ne \u00eest\u00eesna ne, ev b\u00fbne wek\u00ee s\u00eestemat\u00eek. N\u00fb\u00e7ey\u00ean ku ji bo berjewendiya gi\u015ft\u00ee t\u00eane hilberandin t\u00eane kr\u00eem\u00eenal\u00eezekirin; maf\u00ea agahdarkirina raya gi\u015ft\u00ee bi pol\u00eet\u00eekay\u00ean zordar t\u00ea tepisandin. Binp\u00eakirin\u00ean ku ji h\u00eala rojnamevanan ve di girt\u00eegehan de t\u00eane ragihandin, pirsgir\u00eak\u00ean cid\u00ee y\u00ean maf\u00ean mirovan \u00ean wek\u00ee tecr\u00eed, astengkirina maf\u00ea tenduristiy\u00ea \u00fb s\u00eenordarkirin\u00ean ragihandin\u00ea e\u015fkere dikin. Ev \u015fert \u00fb merc li ser s\u00eec\u00eela azadiya raman \u00fb \u00e7apemeniy\u00ea ya Tirkiyey\u00ea xalek re\u015f e.<\/u><\/strong><\/p>\n\n\n\n<p><strong><u>Azadiya raman \u00fb derbir\u00een\u00ea mafek\u00ee dest\u00fbr\u00ee ye. L\u00eabel\u00ea, dema ku rojnamevan hewl didin ku v\u00ee maf\u00ee bi kar b\u00eenin, ew pir caran xwe li dadgehan, navend\u00ean ragirtin\u00ea yan j\u00ee di hucrey\u00ean zindanan de dib\u00eenin. Dema ku rojnamevan li ser mijar\u00ean wek\u00ee a\u015ft\u00ee, edalet, maf\u00ean jinan, li dij\u00ee \u015fer an j\u00eengeh\u00ea n\u00fb\u00e7eyan \u00e7\u00eadik\u00ean, dixwazin bi dest\u00ean daraz\u00ea b\u00ean b\u00eadengkiirn.<\/u><\/strong><\/p>\n\n\n\n<p><strong><u>Zext\u00ean li ser \u00e7apemeniy\u00ea ne ten\u00ea bi qad\u00ean f\u00eez\u00eek\u00ee ve s\u00eenordar in, l\u00ea di qada d\u00eej\u00eetal de j\u00ee berdewam dikin. Gih\u00ee\u015ftina naveroka n\u00fb\u00e7eyan a rojnamevanan, parvekirina medyaya d\u00eej\u00eetal an j\u00ee dezgeh\u00ean n\u00fb\u00e7eyan t\u00ea astengkirin \u00fb herik\u00eena agahiy\u00ean gi\u015ft\u00ee zirar\u00ea dib\u00eene. Ev w\u00eane ne ten\u00ea hewldanek e ji bo b\u00eadengkirina rojnamevanan, e l\u00ea di heman dem\u00ea de hewldana b\u00eadengkirina tevahiya civak\u00ea ye j\u00ee.<\/u><\/strong><\/p>\n\n\n\n<p><strong><u>Wek\u00ee MKG, em careke din tekez dikin: Rojnameger\u00ee ne s\u00fbc e. Deng\u00ea her rojnamevanek\u00ee ku rastiy\u00ea diniv\u00eese, pirsan dipirse \u00fb li gih\u00ee\u015ftina agahdariy\u00ea digere, deng\u00ea hevpar \u00ea v\u00ea civak\u00ea ye. Rojnamevan nikarin b\u00ean b\u00eadengkirin. Em \u00ea li dij\u00ee zilm, sans\u00fbr \u00fb kr\u00eem\u00eenal\u00eezekirin\u00ea deng\u00ea xwe bilind bikin \u00fb hevgirtina xwe mezin bikin.<\/u><\/strong><\/p>\n\n\n\n<p><strong><u>Em bang li saz\u00ee \u00fb r\u00eaxistin\u00ean navnetewey\u00ee dikin ku erk\u00ean xwe bi cih b\u00eenin; em bang dikin ku daraz b\u00eala\u00ee tevbigere; her wiha em bang li r\u00eaxistin\u00ean p\u00ee\u015fey\u00ee, saziy\u00ean jinan \u00fb raya gi\u015ft\u00ee dikin da ku li dij\u00ee \u00eari\u015f\u00ean li ser rojnamegeran xurtir deng\u00ea xwe derxin \u00fb pi\u015ftevaniyeke h\u00een berbi\u00e7av derxin hol\u00ea.<\/u><\/strong><\/p>\n\n\n\n<figure class=\"wp-block-table\"><table class=\"has-fixed-layout\"><tbody><tr><td><strong>DANEY\u00caN \u00ceSTAT\u00ceK\u00ce Y\u00caN BINP\u00caKIRINA MAF\u00caN JIN\u00caN ROJNAMEGER A MEHA N\u00ceSAN\u00ca YA 2025&#8217;AN<u><\/u><\/strong><\/td><\/tr><\/tbody><\/table><\/figure>\n\n\n\n<p><strong><u>1) BINP\u00caKIRINA LI HEMBER EWLEH\u00ce \u00db MAF\u00ca JIYAN\u00ca Y\u00caN ROJNAMEGERAN<\/u><\/strong><strong><u><\/u><\/strong><\/p>\n\n\n\n<figure class=\"wp-block-table\"><table class=\"has-fixed-layout\"><tbody><tr><td rowspan=\"2\">&nbsp;<\/td><td>&nbsp;<\/td><td><\/td><\/tr><tr><td>&nbsp;<\/td><td><\/td><\/tr><tr><td colspan=\"2\">&nbsp;<\/td><td><\/td><\/tr><tr><td colspan=\"2\"><\/td><td><\/td><\/tr><tr><td colspan=\"2\">Rojnameger\u00ean hatin bin\u00e7avkirin<\/td><td><strong>2<\/strong><\/td><\/tr><tr><td colspan=\"2\">&nbsp;<\/td><td><\/td><\/tr><tr><td colspan=\"2\">Rojnameger\u00ean ji bo \u00eefadey\u00ea bang li wan hat kirin<\/td><td><strong>4<\/strong><\/td><\/tr><tr><td colspan=\"2\">Rojnameger\u00ean bi muameleya neba\u015f r\u00fb bi r\u00fb man<\/td><td><strong>2<\/strong><\/td><\/tr><tr><td colspan=\"2\"><\/td><td><\/td><\/tr><tr><td colspan=\"2\">Rojnameger\u00ean \u015fopandina wan a n\u00fb\u00e7eyan hat astengkirin<\/td><td><strong>2<\/strong><\/td><\/tr><tr><td colspan=\"2\">Binp\u00eakirina maf\u00ean li girt\u00eegehan<\/td><td><strong>7<\/strong><\/td><\/tr><\/tbody><\/table><\/figure>\n\n\n\n<p><strong><u>2) BINP\u00caKIRINA MAF\u00caN AZADIYA RAMAN\u00ca YA ROJNAMEGERAN<\/u><\/strong><strong><u><\/u><\/strong><\/p>\n\n\n\n<figure class=\"wp-block-table\"><table class=\"has-fixed-layout\"><tbody><tr><td colspan=\"2\"><\/td><td><\/td><\/tr><tr><td colspan=\"2\">Rojnameger\u00ean derbar\u00ea wan de doz hat vekirin<\/td><td><strong>3<\/strong><\/td><\/tr><tr><td rowspan=\"3\">Rojnameger\u00ean hatin cezakirin<\/td><td>Hejmara kesan<\/td><td><strong>2<\/strong><\/td><\/tr><tr><td>Cezay\u00ea girt\u00eegeh\u00ea<\/td><td><strong>3 sal 4 meh<\/strong><\/td><\/tr><tr><td>&nbsp;<\/td><td><\/td><\/tr><tr><td rowspan=\"2\">Rojnameger\u00ean darizandina wan dewam dikin<\/td><td>Hejmara dosya<\/td><td><strong>11<\/strong><\/td><\/tr><tr><td>Hejmara kesan<\/td><td><strong>17<\/strong><\/td><\/tr><tr><td colspan=\"2\">Hejmara rojnameger\u00ean girt\u00ee (Ji 4\u2019\u00ea \u00c7ileya 2023\u2019yan heta niha)<\/td><td><strong>9<\/strong><\/td><\/tr><\/tbody><\/table><\/figure>\n\n\n\n<p><strong><u>4) ASTENGIY\u00caN LI HEMBER\u00ce MECRAY\u00caN MEDYAYA \u00ceNTERNET-D\u00ceJ\u00ceTAL\u00ca<\/u><\/strong><strong><u><\/u><\/strong><\/p>\n\n\n\n<figure class=\"wp-block-table\"><table class=\"has-fixed-layout\"><tbody><tr><td><\/td><td><\/td><\/tr><tr><td>Hesab\u00ean Medyaya D\u00eej\u00eeltal \u00ean hatine girtin<\/td><td><strong>2<\/strong><\/td><\/tr><tr><td>&nbsp;<\/td><td><\/td><\/tr><\/tbody><\/table><\/figure>\n\n\n\n<p>L\u00ceSTEYA ROJNAMEGER\u00caN GIRT\u00ce<\/p>\n\n\n\n<p>1.Elif Akgul &#8211; Rojnameger<\/p>\n\n\n\n<p>2.Elif Ersoy &#8211; Berpirsa Kar\u00ea Niv\u00ees\u00ea ya Kovara Yuruyu\u015f\u00ea<\/p>\n\n\n\n<p>3.Hatice Duman &#8211; Mudura Kar\u00ea Niv\u00ees\u00ea \u00fb Xwediya Rojnameya Atilim\u00ea<\/p>\n\n\n\n<p>4.Ozden Kinik &#8211; Xebatkara TRT&#8217;\u00ea ya ber\u00ea<\/p>\n\n\n\n<p>5.Oznur Deger \u2013 Mudura N\u00fb\u00e7eyan a JINNEWS&#8217;\u00ea<\/p>\n\n\n\n<p>6.Rahime Karvar \u2013 Rojnameger<\/p>\n\n\n\n<p>7.Reyhan Hacioglu \u2013 Rojnameya Yen\u00ee Ya\u015fam\u00ea<\/p>\n\n\n\n<p>8.Saime Oguzhan \u2013 Xwediya \u00cemtiyaz\u00ea ya Rojnameya Kentim \u015ei\u015fli<\/p>\n\n\n\n<p>9.Zuleyha Muldur \u2013 Ajansa N\u00fb\u00e7eyan a Etkin\u00ea<\/p>\n","protected":false},"excerpt":{"rendered":"<p>NIRXANDIN Wek\u00ee Komeleya Rojnameger\u00ean Jin a Mezopotamyay\u00ea (MKG), zext, tehd\u00eed \u00fb pol\u00eet\u00eekay\u00ean sansur\u00ea y\u00ean li dij\u00ee rojnamevanan di N\u00eesana 2025&#8217;an de bi awayek\u00ee s\u00eestemat\u00eek berdewam kirin. Di demek\u00ea de ku azadiya \u00e7apemeniy\u00ea li Tirkiyey\u00ea di bin dorp\u00ea\u00e7eke k\u00fbr de ye, rojnamevan bar\u00ea her\u00ee giran \u00ea v\u00ea dorp\u00ea\u00e7\u00ea hildigirin. Rojnamevan, ku ji ber nasnameya xwe ya [&hellip;]<\/p>\n","protected":false},"author":1,"featured_media":13711,"comment_status":"closed","ping_status":"open","sticky":false,"template":"","format":"standard","meta":{"footnotes":""},"categories":[44,36],"tags":[],"mektuplar":[],"class_list":["post-13710","post","type-post","status-publish","format-standard","has-post-thumbnail","hentry","category-bangewazi","category-nuce"],"_links":{"self":[{"href":"https:\/\/mkgdernek.org\/kr\/wp-json\/wp\/v2\/posts\/13710","targetHints":{"allow":["GET"]}}],"collection":[{"href":"https:\/\/mkgdernek.org\/kr\/wp-json\/wp\/v2\/posts"}],"about":[{"href":"https:\/\/mkgdernek.org\/kr\/wp-json\/wp\/v2\/types\/post"}],"author":[{"embeddable":true,"href":"https:\/\/mkgdernek.org\/kr\/wp-json\/wp\/v2\/users\/1"}],"replies":[{"embeddable":true,"href":"https:\/\/mkgdernek.org\/kr\/wp-json\/wp\/v2\/comments?post=13710"}],"version-history":[{"count":1,"href":"https:\/\/mkgdernek.org\/kr\/wp-json\/wp\/v2\/posts\/13710\/revisions"}],"predecessor-version":[{"id":13712,"href":"https:\/\/mkgdernek.org\/kr\/wp-json\/wp\/v2\/posts\/13710\/revisions\/13712"}],"wp:featuredmedia":[{"embeddable":true,"href":"https:\/\/mkgdernek.org\/kr\/wp-json\/wp\/v2\/media\/13711"}],"wp:attachment":[{"href":"https:\/\/mkgdernek.org\/kr\/wp-json\/wp\/v2\/media?parent=13710"}],"wp:term":[{"taxonomy":"category","embeddable":true,"href":"https:\/\/mkgdernek.org\/kr\/wp-json\/wp\/v2\/categories?post=13710"},{"taxonomy":"post_tag","embeddable":true,"href":"https:\/\/mkgdernek.org\/kr\/wp-json\/wp\/v2\/tags?post=13710"},{"taxonomy":"mektuplar","embeddable":true,"href":"https:\/\/mkgdernek.org\/kr\/wp-json\/wp\/v2\/mektuplar?post=13710"}],"curies":[{"name":"wp","href":"https:\/\/api.w.org\/{rel}","templated":true}]}}