{"id":13714,"date":"2025-06-03T07:04:44","date_gmt":"2025-06-03T04:04:44","guid":{"rendered":"https:\/\/mkgdernek.org\/kr\/?p=13714"},"modified":"2025-06-03T07:04:44","modified_gmt":"2025-06-03T04:04:44","slug":"tevi-zextan-ji-em-e-dewam-bikin","status":"publish","type":"post","link":"https:\/\/mkgdernek.org\/kr\/blog\/rapor\/tevi-zextan-ji-em-e-dewam-bikin\/2025\/06\/13714\/","title":{"rendered":"Tev\u00ee Zextan j\u00ee Em \u00ea Dewam Bikin"},"content":{"rendered":"\n<figure class=\"wp-block-table\"><table class=\"has-fixed-layout\"><tbody><tr><td><strong>NIRXANDIN <u><\/u><\/strong><\/td><\/tr><\/tbody><\/table><\/figure>\n\n\n\n<p><\/p>\n\n\n\n<p>Zext\u00ean li dij\u00ee rojnamevan\u00ean jin ne takekes\u00ee ne, terc\u00eeheke pol\u00eet\u00eek e. Her meh bi \u015f\u00eawey\u00ean n\u00fb hewldana b\u00eadengkirina heq\u00eeqet\u00ea derdikeve p\u00ea\u015fber\u00ee me.<\/p>\n\n\n\n<p>Binp\u00eakirin\u00ean maf\u00ean mirovan \u00ean li dij\u00ee rojnamevanan di meha gulan\u00ea de b\u00eanavber berdewam kirin. Rapora ku me wek\u00ee Komeleya Rojnameger\u00ean Jin a Mezopotamyay\u00ea amade kiriye, w\u00eaneyek\u00ee berbi\u00e7av a zext\u00ean piral\u00ee y\u00ean ku rojnamevan li meydan\u00ea, li kolanan, li dadgehan \u00fb di qada d\u00eej\u00eetal de p\u00ea r\u00fb bi r\u00fb dim\u00eenin, n\u00ee\u015fan dide.<\/p>\n\n\n\n<p>Rojnamevan careke din\u00ea, dema ku n\u00fb\u00e7e di\u015fopandin gef li wan hat xwarin, l\u00eadan xwarin \u00fb bi astengiy\u00ean f\u00eez\u00eek\u00ee r\u00fb bi r\u00fb man. R\u00ea li rojnamegeran hat bir\u00een, rojnameger li kolanan del dan, her wiha rojnameger\u00ean li \u015f\u00een\u00ea n\u00fb\u00e7e di\u015fopandin bi heqaret\u00ean zayendperest r\u00fb bi r\u00fb man \u00fb ji aliy\u00ea pol\u00ees \u00fb xizm\u00ean bers\u00fbcan ve hatin hedefgirtin. Rojnameger\u00ean di bin van \u015fertan de li qadan xebit\u00een, di heman dem\u00ea de hewl dan ku ewlehiya xwe ya p\u00ee\u015fey\u00ee \u00fb la\u015f\u00ee bipar\u00eazin \u00fb di bin zextan de n\u00fb\u00e7ey\u00ean xwe \u00e7\u00eabik\u00ean.<\/p>\n\n\n\n<p>Dema ku sersaxiy\u00ea di\u015fopandin, rojnamevan bi bar\u00eekatan hatin astengkirin, ji kolanan hatin d\u00fbrxistin \u00fb rast\u00ee heqaret\u00ean zayend\u00ee hatin, \u00fb ji aliy\u00ea pol\u00ees \u00fb xizm\u00ean s\u00fbcdaran ve hatin hedefgirtin. Her rojnamevanek ku di bin van \u015fert \u00fb mercan de li qad\u00ea dixebit\u00ee, di nav zilm\u00ea de berdewam kir ku n\u00fb\u00e7eyan \u00e7\u00eabike, di heman dem\u00ea de hewl dan ku ewlehiya xwe ya p\u00ee\u015fey\u00ee \u00fb la\u015f\u00ee bipar\u00eaze.<\/p>\n\n\n\n<p>Di meha gulan\u00ea de, ji bo \u00eefadey\u00ea bang li gelek rojnamegeran kirin, doz li dij\u00ee wan hatin vekirin \u00fb hin ji wan h\u00een j\u00ee di girt\u00eegeh\u00ea de ne. N\u00fb\u00e7ey\u00ean ku wan li ser medyaya d\u00eej\u00eetal parve dikirin an j\u00ee dir\u00fb\u015fmey\u00ean ku wan berz kirin wek\u00ee &#8220;del\u00eel\u00ean s\u00fbcek\u00ee&#8221; dihatin hesibandin. Di dadgeh\u00ean ku rojnamevan l\u00ea dihatin darizandin de, ti\u015ft\u00ea ku wek\u00ee del\u00eel dihat hesibandin pir caran ten\u00ea rast\u00ee bi xwe b\u00fb.<\/p>\n\n\n\n<p>Herwiha, di hin rew\u015fan de, deriy\u00ean dadgeh\u00ea ji bo \u00e7apemeniy\u00ea hatin girtin; nehi\u015ftin rojnameger tevli r\u00fbni\u015ftin\u00ean ji bo f\u00eadeya raya gi\u015ft\u00eene, bibin, \u015fopandina endam\u00ean medyay\u00ea hatin astengkirin. Ev ne ten\u00ea binp\u00eakirinek e\u015fkere ya azadiya \u00e7apemeniy\u00ea ye, di heman dem\u00ea de binp\u00eakirina maf\u00ea civak\u00ea y\u00ea wergirtina n\u00fb\u00e7eyane j\u00ee ye.<\/p>\n\n\n\n<p>Rojnamevan ne ten\u00ea di bin zexta f\u00eez\u00eek\u00ee an hiq\u00fbq\u00ee de ne, di heman dem\u00ea de di bin zexta abor\u00ee de ne. Neb\u00fbna ewlehiy\u00ea, b\u00eakarmayina ji ber pol\u00eet\u00eekay\u00ean sansur\u00ea \u00fb cezay\u00ean daray\u00ee y\u00ean li ser medyay\u00ea rojnamegeriy\u00ea dorp\u00ea\u00e7 dikin. Her \u00e7end v\u00ea meh\u00ea rasterast rojnameger ji kar nehatibin derxistin j\u00ee, cezay\u00ean we\u015fan\u00ea y\u00ean ji h\u00eala RTUK&#8217;\u00ea ve hatine ferzkirin bi awayek\u00ee razber p\u00ee\u015feya rojnamegeriy\u00ea dixe bin\u00ea zextan.<\/p>\n\n\n\n<p>Her \u00e7end qedexeya gih\u00ee\u015ftina platform\u00ean medyaya d\u00eej\u00eetal di meha gulan\u00ea de di rapor\u00ea de nehatibe n\u00ee\u015fandan j\u00ee, ev qad h\u00een j\u00ee eniyek din e ku hik\u00fbmet bi berdewam\u00ee hewl dide kontrol bike. \u00c7alakiy\u00ean rojnamevanan li ser platform\u00ean d\u00eej\u00eetal di bin \u00e7avd\u00ear\u00ee, sansur \u00fb \u015fopandin\u00ea de ne. Maf\u00ea wergirtin \u00fb belavkirina n\u00fb\u00e7eyan di qada d\u00eej\u00eetal de j\u00ee t\u00ea astengkirin.<\/p>\n\n\n\n<p>Rojnamevan\u00ean ku h\u00een j\u00ee di girt\u00eegeh\u00ea de ne, qarney\u00ea demokrasiya v\u00ee welat\u00ee bi away\u00ea her\u00ee berbi\u00e7av e\u015fkere dikin. Her \u00e7end t\u00ea zan\u00een j\u00ee rojnameger\u00ee ne s\u00fbc e d\u00eesa j\u00ee jin\u00ean ku rastiy\u00ea dipar\u00eazin, li pi\u015ft derabeyan t\u00eane girtin. Ev rojnameger ber\u00ee b\u00ean girtin, demeke dir\u00eaj b\u00fbn hedef, pi\u015ft\u00ee hatin girtin j\u00ee hat xwestin b\u00ean jib\u00eerkirin. Em \u00ea bilindkirina deng\u00ea hemp\u00ee\u015fey\u00ean xwe ya ji derve bidom\u00eenin.<\/p>\n\n\n\n<p>Rojnamegeriya jinan ne ten\u00ea hilber\u00eena agahiyan e, di heman dem\u00ea de deng\u00ea kes\u00ean ku t\u00ean pa\u015fguhkirin in, b\u00eera civak\u00ee dipar\u00eazin \u00fb \u015f\u00eedeta m\u00earan e\u015fkere dikin. Ji ber v\u00ea sedem\u00ea, zext\u00ean ku her meh t\u00ean kirin ne ten\u00ea li dij\u00ee rojnamevanan in, di heman dem\u00ea de li dij\u00ee rastiy\u00ea ne. Ev \u00ear\u00ee\u015f\u00ean ku di meha gulan\u00ea de me \u015fahidiya wan kirine, ispat dike ku rojnameger b\u00eadeng nam\u00eenin \u00fb w\u00ea li hember her zextan p\u00ean\u00fbsa xwe b\u00eatir bi h\u00eaz bikin.<\/p>\n\n\n\n<p>Wek Komeleya Rojnameger\u00ean Jin a Mezopotamyay\u00ea, em careke din diq\u00eerin:<\/p>\n\n\n\n<p>Rast\u00ee bi zext\u00ean li ser rojnamevanan nay\u00ea ve\u015fartin!<\/p>\n\n\n\n<p>Her ku em b\u00eadeng bim\u00eenin, em mezin dibin, her ku em t\u00ean qedexekirin, em b\u00eatir diniv\u00eesin; her ku em t\u00ean \u00e7ewisandin, em b\u00eatir hevgirtin\u00ea n\u00ee\u015fan didin !<\/p>\n\n\n\n<p>Azadiya \u00e7apemeniy\u00ea bi azadiya jinan p\u00eakan e!<\/p>\n\n\n\n<p>Em \u00ea tu car\u00ee dev ji niv\u00eesandina rastiy\u00ea bernedin!<\/p>\n\n\n\n<p>Komeleya Rojnameger\u00ean Jin a Mezopotamyay\u00ea<\/p>\n\n\n\n<figure class=\"wp-block-table\"><table class=\"has-fixed-layout\"><tbody><tr><td><strong>DANEY\u00caN RAPORA BINP\u00caKIRINA MAF\u00caN ROJNAMEGERAN A GULANA 2025&#8217;AN<\/strong><\/td><\/tr><\/tbody><\/table><\/figure>\n\n\n\n<p><strong><u>1) BINP\u00caKIRINA MAF\u00caN EWLEH\u00ce \u00db MAF\u00ca JIYAN\u00ca YA ROJNAMEGERAN<\/u><\/strong><strong><u><\/u><\/strong><\/p>\n\n\n\n<figure class=\"wp-block-table\"><table class=\"has-fixed-layout\"><tbody><tr><td rowspan=\"2\">Y\u00ean \u00eari\u015f li wan hatin kirin &nbsp;<\/td><td>Rojnameger<\/td><td><strong>2<\/strong><\/td><\/tr><tr><td>We\u015fan<\/td><td><strong>1<\/strong><\/td><\/tr><tr><td colspan=\"2\">Rojnameger\u00ean hatin bin\u00e7avkirin<\/td><td><strong>1<\/strong><\/td><\/tr><tr><td colspan=\"2\">Rojnameger\u00ean hatin girtin<\/td><td><strong>1<\/strong><\/td><\/tr><tr><td colspan=\"2\">Rojnameger\u00ean ji bo \u00eefadey\u00ea bang wan kirin<\/td><td><strong>5<\/strong><\/td><\/tr><tr><td colspan=\"2\">Rojnameger\u00ean bi m\u00fbameleya ne ba\u015f r\u00fb bi r\u00fb mane<\/td><td><strong>2<\/strong><\/td><\/tr><tr><td colspan=\"2\">Rojnameger\u00ean gef li wan hatine xwarin<\/td><td><strong>2<\/strong><\/td><\/tr><tr><td colspan=\"2\">Rojnameger\u00ean \u015fopandina wan a n\u00fb\u00e7eyan hat astengkirin<\/td><td><strong>1<\/strong><\/td><\/tr><tr><td colspan=\"2\">&nbsp;<\/td><td><\/td><\/tr><\/tbody><\/table><\/figure>\n\n\n\n<p><strong><u>2) BINP\u00caKIRINA AZADIYA VEGOTIN \u00db RAMAN\u00ca YA ROJNAMEGERAN<\/u><\/strong><strong><u><\/u><\/strong><\/p>\n\n\n\n<figure class=\"wp-block-table\"><table class=\"has-fixed-layout\"><tbody><tr><td colspan=\"2\">Rojnameger\u00ean derbar\u00ea wan de doz hat vekirin<\/td><td><strong>6<\/strong><\/td><\/tr><tr><td rowspan=\"3\">Rojnameger\u00ean hatine cezakirin<\/td><td>Hejmara kesan<\/td><td><strong>2<\/strong><\/td><\/tr><tr><td>Cezay\u00ea girt\u00eegeh\u00ea<\/td><td><strong>10 Meh<\/strong><\/td><\/tr><tr><td>Cezay\u00ea pereyan<\/td><td><strong>23.300 TL<\/strong><\/td><\/tr><tr><td rowspan=\"2\">Rojnameger\u00ean darizandina wan didomin<\/td><td>Hejmara dosyay\u00ea<\/td><td><strong>12<\/strong><\/td><\/tr><tr><td>Hejmara kesan<\/td><td><strong>19<\/strong><\/td><\/tr><tr><td colspan=\"2\">Hejmara rojnameger\u00ean girt\u00ee (Ji 04\u2019\u00ea \u00c7ileya 2023\u2019yan heta niha)<\/td><td><strong>9<\/strong><\/td><\/tr><\/tbody><\/table><\/figure>\n\n\n\n<p>L\u00ceSTEYA ROJNAMEGER\u00caN GIRT\u00ce<\/p>\n\n\n\n<p>1.Elif Akgul &#8211; Rojnameger<\/p>\n\n\n\n<p>2.Elif Ersoy &#8211; Berpirsa Kar\u00ea Niv\u00ees\u00ea ya Kovara Yuruyu\u015f<\/p>\n\n\n\n<p>3.Hatice Duman &#8211; Mudura Kar\u00ea Niv\u00ees\u00ea \u00fb Xwediya Rojnameya Atilim<\/p>\n\n\n\n<p>4.Ozden Kinik &#8211; Xebatkara TRT&#8217;\u00ea ya ber\u00ea<\/p>\n\n\n\n<p>5.Perihan Erkilin\u00e7 \u2013 N\u00fb\u00e7eg\u00eehana Ozgur Gelecek<\/p>\n\n\n\n<p>6.Rahime Karvar \u2013 Rojnameger<\/p>\n\n\n\n<p>7.Reyhan Hacioglu \u2013 Rojnameya Yeni Ya\u015fam<\/p>\n\n\n\n<p>8.Songul Yucel \u2013 Ger\u00eenendeya We\u015fana Gi\u015ft\u00ee ya Kovara Onsoz<\/p>\n\n\n\n<p>9.Zuleyha Muldur \u2013 Ajansa N\u00fb\u00e7eyan a Etkin<\/p>\n","protected":false},"excerpt":{"rendered":"<p>NIRXANDIN Zext\u00ean li dij\u00ee rojnamevan\u00ean jin ne takekes\u00ee ne, terc\u00eeheke pol\u00eet\u00eek e. Her meh bi \u015f\u00eawey\u00ean n\u00fb hewldana b\u00eadengkirina heq\u00eeqet\u00ea derdikeve p\u00ea\u015fber\u00ee me. Binp\u00eakirin\u00ean maf\u00ean mirovan \u00ean li dij\u00ee rojnamevanan di meha gulan\u00ea de b\u00eanavber berdewam kirin. Rapora ku me wek\u00ee Komeleya Rojnameger\u00ean Jin a Mezopotamyay\u00ea amade kiriye, w\u00eaneyek\u00ee berbi\u00e7av a zext\u00ean piral\u00ee y\u00ean ku [&hellip;]<\/p>\n","protected":false},"author":1,"featured_media":13715,"comment_status":"closed","ping_status":"open","sticky":false,"template":"","format":"standard","meta":{"footnotes":""},"categories":[40,41],"tags":[],"mektuplar":[],"class_list":["post-13714","post","type-post","status-publish","format-standard","has-post-thumbnail","hentry","category-rapor","category-raporen-mehane"],"_links":{"self":[{"href":"https:\/\/mkgdernek.org\/kr\/wp-json\/wp\/v2\/posts\/13714","targetHints":{"allow":["GET"]}}],"collection":[{"href":"https:\/\/mkgdernek.org\/kr\/wp-json\/wp\/v2\/posts"}],"about":[{"href":"https:\/\/mkgdernek.org\/kr\/wp-json\/wp\/v2\/types\/post"}],"author":[{"embeddable":true,"href":"https:\/\/mkgdernek.org\/kr\/wp-json\/wp\/v2\/users\/1"}],"replies":[{"embeddable":true,"href":"https:\/\/mkgdernek.org\/kr\/wp-json\/wp\/v2\/comments?post=13714"}],"version-history":[{"count":1,"href":"https:\/\/mkgdernek.org\/kr\/wp-json\/wp\/v2\/posts\/13714\/revisions"}],"predecessor-version":[{"id":13716,"href":"https:\/\/mkgdernek.org\/kr\/wp-json\/wp\/v2\/posts\/13714\/revisions\/13716"}],"wp:featuredmedia":[{"embeddable":true,"href":"https:\/\/mkgdernek.org\/kr\/wp-json\/wp\/v2\/media\/13715"}],"wp:attachment":[{"href":"https:\/\/mkgdernek.org\/kr\/wp-json\/wp\/v2\/media?parent=13714"}],"wp:term":[{"taxonomy":"category","embeddable":true,"href":"https:\/\/mkgdernek.org\/kr\/wp-json\/wp\/v2\/categories?post=13714"},{"taxonomy":"post_tag","embeddable":true,"href":"https:\/\/mkgdernek.org\/kr\/wp-json\/wp\/v2\/tags?post=13714"},{"taxonomy":"mektuplar","embeddable":true,"href":"https:\/\/mkgdernek.org\/kr\/wp-json\/wp\/v2\/mektuplar?post=13714"}],"curies":[{"name":"wp","href":"https:\/\/api.w.org\/{rel}","templated":true}]}}