{"id":14065,"date":"2025-06-18T07:52:16","date_gmt":"2025-06-18T04:52:16","guid":{"rendered":"https:\/\/mkgdernek.org\/kr\/?p=14065"},"modified":"2025-06-18T07:52:17","modified_gmt":"2025-06-18T04:52:17","slug":"bi-tekosina-xwe-dirok-nivisi-gurbetelli-ersoz","status":"publish","type":"post","link":"https:\/\/mkgdernek.org\/kr\/blog\/navenda-medyaye\/nuce\/bi-tekosina-xwe-dirok-nivisi-gurbetelli-ersoz\/2025\/06\/14065\/","title":{"rendered":"Bi t\u00eako\u015f\u00eena xwe d\u00eerok niv\u00ees\u00ee: Gurbetell\u00ee Ersoz"},"content":{"rendered":"\n<figure class=\"wp-block-gallery has-nested-images columns-default is-cropped wp-block-gallery-1 is-layout-flex wp-block-gallery-is-layout-flex\">\n<figure class=\"wp-block-image size-large\"><img fetchpriority=\"high\" decoding=\"async\" width=\"1024\" height=\"698\" data-id=\"14066\" src=\"data:image\/gif;base64,R0lGODlhAQABAAAAACH5BAEKAAEALAAAAAABAAEAAAICTAEAOw==\" data-src=\"https:\/\/mkgdernek.org\/kr\/wp-content\/uploads\/sites\/2\/2025\/06\/GUNCEL-1024x698.jpg\" alt=\"\" class=\"wp-image-14066 lazyload\" data-sizes=\"auto\" data-srcset=\"https:\/\/mkgdernek.org\/kr\/wp-content\/uploads\/sites\/2\/2025\/06\/GUNCEL-1024x698.jpg 1024w, https:\/\/mkgdernek.org\/kr\/wp-content\/uploads\/sites\/2\/2025\/06\/GUNCEL-300x205.jpg 300w, https:\/\/mkgdernek.org\/kr\/wp-content\/uploads\/sites\/2\/2025\/06\/GUNCEL-768x524.jpg 768w, https:\/\/mkgdernek.org\/kr\/wp-content\/uploads\/sites\/2\/2025\/06\/GUNCEL-1100x750.jpg 1100w, https:\/\/mkgdernek.org\/kr\/wp-content\/uploads\/sites\/2\/2025\/06\/GUNCEL-600x409.jpg 600w, https:\/\/mkgdernek.org\/kr\/wp-content\/uploads\/sites\/2\/2025\/06\/GUNCEL-20x14.jpg 20w, https:\/\/mkgdernek.org\/kr\/wp-content\/uploads\/sites\/2\/2025\/06\/GUNCEL.jpg 1280w\" sizes=\"(max-width: 1024px) 100vw, 1024px\" \/><\/figure>\n<\/figure>\n\n\n\n<p>Rojnameger Gurbetell\u00ee Ersoz li Kurdistan \u00fb Tirkiyey\u00ea yekem ger\u00eenendeya gi\u015ft\u00ee ya we\u015fan\u00ea b\u00fb. W\u00ea bi helwest, p\u00ean\u00fbs \u00fb t\u00eako\u015f\u00eena xwe nav\u00ea xwe di d\u00eerok\u00ea de niv\u00eesand. Ew ji bo jin\u00ean rojnameger b\u00fb feyz \u00fb ronah\u00ee.<\/p>\n\n\n\n<p>Rojnameger Gurbetell\u00ee Ersoz li Kurdistan \u00fb Tirkiyey\u00ea yekem ger\u00eenendeya gi\u015ft\u00ee ya we\u015fan\u00ea b\u00fb. Li pey xwe m\u00eerateyeke gir\u00eeng ji bo rojnamevaniya azad hi\u015ft \u00fb ji bo rojnameger\u00ean jin b\u00fb h\u00eaz \u00fb ronah\u00ee. Gurbetell\u00ee Ersoz, bi kesayeta xwe ya p\u00ea\u015feng, li dij\u00ee p\u00eevan \u00fb kevne\u015fopiy\u00ean pa\u015fver\u00fb y\u00ean civak\u00ee, li dij\u00ee hi\u015fmendiya serdest a medyaya m\u00ear \u00fb pergala w\u00ea ya desthilatdar bi estet\u00eek \u00fb fikra jin\u00ea, bi p\u00ean\u00fbsa xwe b\u00fb avakera jiyana azad. Di ser qetilkirina w\u00ea re sal derbas bibin j\u00ee, ji \u00e7iyay\u00ean ku dil\u00ea xwe nex\u015f kir jinan silav dike.<\/p>\n\n\n\n<p><strong>Bi hi\u015fmendiya xwe b\u00fb m\u00eenak<\/strong><\/p>\n\n\n\n<p>Gurbetell\u00ee Ersoz di 11\u2019\u00ea T\u00eermeha 1965\u2019an de li gund\u00ea Akbulut \u00ea Palu y\u00ea Xarp\u00eat\u00ea hat din\u00ea. Dema hat din\u00ea bav\u00ea w\u00ea li Elmanyay\u00ea wek karker dixebit\u00ee. Ji ber w\u00ea j\u00ee nav\u00ea w\u00ea kirin Gurbetell\u00ee. Di dibistanan seretay\u00ee de ji ber gotin\u00ean w\u00ea y\u00ean kurd\u00ee di navbera hevokan de derbas dibin, ferq dike ku heval \u00fb mamostey\u00ean w\u00ea f\u00eam nakin \u00fb ew j\u00ee matmay\u00ee dim\u00eene. Pi\u015ft\u00ee Gurbetell\u00ee f\u00eam dike li dibistan\u00ea ziman\u00ea w\u00ea cuda ye pirs\u00ean \u00e7ima, ji bo \u00e7i dipirse. Gurbetell\u00ee wiha dib\u00eaje: \u201cMin xwend \u00fb b\u00ea navber min xwend. Heta westiyam min radyo guhdar kir \u00fb ez ba\u015f h\u00een\u00ee tirk\u00ee b\u00fbm.\u201d Dayika w\u00ea Fatma Ersoz ji ber ku nekar\u00eeb\u00fb bixw\u00eene, dixwest zarok\u00ean w\u00ea bixw\u00eenin \u00fb heta n\u00eev\u00ea \u015fev\u00ea ranediket da ku zarok\u00ean w\u00ea bixebitin. Gurbetell\u00ee Ersoz ku ji zarokatiya xwe ve li cem \u00ean mafdar \u00fb bindest sekin\u00ee, dayika xwe bi hi\u015fmend\u00ee \u00fb w\u00earekiya xwe bi ten\u00ea nehi\u015ft.<\/p>\n\n\n\n<p><strong>\u015eandin girt\u00eegeha Meletiy\u00ea<\/strong><\/p>\n\n\n\n<p>Gurbetell\u00ee Ersoz ku dixwaze rojnameger\u00ee yan j\u00ee siyaset\u00ea bixw\u00eene, li Zan\u00eengeha \u00c7ukurovay\u00ea di Be\u015fa K\u00eemyay\u00ea ya Fakulteya W\u00eaje \u00fb Fen\u00ea de dixw\u00eene. Pi\u015ft\u00ee zan\u00eengeh\u00ea diqed\u00eene li Enstutiya Zanist\u00ean Fen\u00ea ya \u00c7ukurovay\u00ea li ser \u2018Enerj\u00ee \u00fb Derdor\u00ea\u2019 l\u00eesansa bilind dike \u00fb gelek ji laboratuvar\u00ea hez dike. Gurbetell\u00ee diyar dike ku komkujiy\u00ean \u00c7ernob\u00eel \u00fb Halep\u00e7ey\u00ea li ser w\u00ea bandorek mezin kiriye \u00fb wiha dib\u00eaje: \u201cK\u00eemyager\u00ean div\u00ea li ser \u00c7ernob\u00eel \u00fb Halep\u00e7ey\u00ea eleqeder bib\u00fbna ez matmay\u00ee hi\u015ftim. Min her tim ev pirs ji xwe pirs\u00ee \u2018Ez \u00e7ime, ez \u00ea \u00e7i bikim\u2019. Gurbetell\u00ee Ersoz ku wek peywirdara l\u00eakol\u00een\u00ea s\u00ea salan xebit\u00ee, di 10\u2019\u00ea Kan\u00fbna 1990\u2019\u00ee de bi endamtiya r\u00eaxitsin\u00ea hat bin\u00e7avkirin \u00fb 15 rojan di bin \u00e7avan de ma. Pi\u015ftre&nbsp; hat girtin \u00fb \u015fandin girt\u00eegeha Meletiy\u00ea.<\/p>\n\n\n\n<p><strong>B\u00fb yekem\u00een ger\u00eenendeya jin<\/strong><\/p>\n\n\n\n<p>Gurbetell\u00ee Ersoz di rojnameya Ozgur Gundem\u00ea ya di 26\u2019\u00ea N\u00eesana 1993\u2019yan de bi dir\u00fb\u015fmeya &#8220;Rast\u00ee di tariy\u00ea de nam\u00eenin&#8221; de dest bi we\u015fan\u00ea kir de, dest bi xebat\u00ea kir \u00fb b\u00fb ger\u00eenendeya gi\u015ft\u00ee. Di d\u00eeroka \u00e7apemeniya Tirkiyey\u00ea de ev yek b\u00fb \u00fb cara yekem jinek bib\u00fb ger\u00eenendeya gi\u015ft\u00ee.<\/p>\n\n\n\n<p><strong>Rojnameger b\u00fbn hedef<\/strong><\/p>\n\n\n\n<p>Xebatkar\u00ean Ozgur Gundem\u00ea ji ber binp\u00eakirin\u00ean mafan \u00ean li ser gel\u00ea Kurd \u00fb heq\u00eeqet niv\u00ees\u00ee her tim ji aliy\u00ea rej\u00eema dem\u00ee ve hedef hatin girtin. Di navbera 1991-994\u2019an de M\u00fbsa Anter, Hafiz Akdem\u00eer, Husey\u00een Den\u00eez, Mec\u00eet Akgun, Burhan Karaden\u00eez, Kemal Kiliz j\u00ee nav de 8 rojnameger \u00fb 19 belavkar\u00ean rojnamey\u00ea hatin qetilkirin. \u00car\u00ee\u015f\u00ea buroy\u00ean rojnamey\u00ea hatin kirin.<\/p>\n\n\n\n<p><strong>Ji bo jiyanek azad<\/strong><\/p>\n\n\n\n<p>Di 10\u2019\u00ea Kan\u00fbna 1993\u2019yan de di roja Maf\u00ean Mirovan a C\u00eehan\u00ea de bi ser buroya Ozgur Gundem\u00ea de t\u00ea girtin, Gurbetell\u00ee Ersoz bi heval\u00ean xwe y\u00ean din re t\u00ea bin\u00e7avkirin \u00fb t\u00ea girtin. 13 rojan di bin \u00e7avan de \u00ee\u015fkencey\u00ea dib\u00eene. Di\u015f\u00eenin girt\u00eegeha Sagmacilar. Di hez\u00eerana 1994\u2019an de t\u00ea berdan. D\u00eesa xebat\u00ean xwe y\u00ean rojnamegeriy\u00ea dime\u015f\u00eene.<\/p>\n\n\n\n<p><strong>Bi t\u00eako\u015f\u00eena xwe d\u00eerok niv\u00ees\u00ee<\/strong><\/p>\n\n\n\n<p>Gurbetel\u00ee Ersoz ku tevli ger\u00eela b\u00fb, di al\u00ee wekheviya zayenda civak\u00ee de hedef dan\u00ee p\u00ea\u015f xwe. Gurbetell\u00ee Ersoz v\u00ea di rojniv\u00eeska xwe de vedib\u00eaje. Gurbetell\u00ee Ersoz ku di rojniv\u00eeska xwe de \u00ea\u015fa biray\u00ea xwe, \u00ea\u015fa \u015fer, xwe\u015fikb\u00fbna xwezaya Kurdistan\u00ea diniv\u00eese li aliy\u00ea din j\u00ee t\u00eako\u015f\u00eena ku jin li her qad\u00ea li dij\u00ee m\u00ear didin, vedigot. Di v\u00ee al\u00ee de Gubetell\u00ee Ersoz bi jiyan \u00fb p\u00ean\u00fbsa xwe d\u00eerok niv\u00ees\u00ee.<\/p>\n\n\n\n<p><strong>DMME\u2019\u00ea Tirkiye neheq d\u00eet<\/strong><\/p>\n\n\n\n<p>Tundiya dewlet\u00ea ya ku b\u00fb sedem ku Gurbetell\u00ee Ersoz ber\u00ea xwe bide \u00e7iyan, birin Dadgeha Maf\u00ea Mirovan a Ewropay\u00ea. Di 16\u2019\u00ea Adara 2002\u2019yan de biryar hat day\u00een \u00fb hat gotin ku xal\u00ean 10 \u00fb 14\u2019an a Peymana Maf\u00ea Mirovan a Ewropay\u00ea hatiye binp\u00eakirin.<\/p>\n\n\n\n<p><strong>Tevl\u00ee karwan\u00ean nemiran b\u00fb<\/strong><\/p>\n\n\n\n<p>Gurbetell\u00ee Ersoz di sala 1997&#8217;an li Her\u00eama Federal a Kurdistan\u00ea di \u015ferek\u00ee de tevl\u00ee karwan\u00ean nemiran b\u00fb. Sekna xwe ya biaqil a xurt a salon\u00ean dadgeh\u00ea, li \u00e7iyay\u00ean azad j\u00ee domand. Gurbetell\u00ee Ersoz ji p\u00ean\u00fbsan d\u00fbr neket. \u015eopdar\u00ean w\u00ea, ji bo rastiya di nava tar\u00eetiy\u00ea de derxin hol\u00ea, li her aliy\u00ea c\u00eehan\u00ea \u00e7apemeniya \u015fore\u015fger\u00ee dime\u015fand. Tu h\u00eazan nekar\u00ee fikir \u00fb afir\u00eeneriy\u00ean Gurbetell\u00ee Ersoz tune bikin. Her 7\u2019\u00ea Cotmeh\u00ea ji 2014\u2019an heta niha wek Roja Rojnameger\u00ean Jin t\u00ea p\u00ea\u015fwaz\u00eekirin.<\/p>\n\n\n\n<p><strong>Niv\u00eesandina jinan dewam kir<\/strong><\/p>\n\n\n\n<p>Rojnamevan\u00ean jin \u00ean kurd \u00fb xebatkar\u00ean \u00e7apemeniya azad, li ser \u015fopa Gurbetell\u00ee Ersoz li hem\u00fb welat\u00ean l\u00ea ne, li bajar \u00fb \u00e7iyay\u00ean Kurdistan\u00ea rojnamegeriya heq\u00eeqet\u00ea berdewam dikin. Gelek kovar, rojname, ajans\u00ean n\u00fb\u00e7eyan, telev\u00eezyon, radyo \u00fb malper\u00ean li Kurdistan \u00fb Ewropay\u00ea xwe disp\u00earin v\u00ea m\u00eeratey\u00ea. Hin ji wan yekem\u00een ajansa n\u00fb\u00e7eyan a jinan JINHA ye \u00fb ji w\u00ea heta JINNEWS\u2019\u00ea, heta yekem\u00een telev\u00eezyona jinan Jin TV, kovara jinan Jina Serbilind a li Ewropay\u00ea t\u00ea we\u015fandin, Star Fm ku yekem\u00een radyoya jinan e ku li Rojava we\u015fan\u00ea dike \u00fb gelek kovar, rojnamey\u00ean din.<\/p>\n\n\n\n<p><strong>Ger \u00e7apemeniy\u00ea rast\u00ee biniv\u00eesandiba<\/strong><\/p>\n\n\n\n<p>Sal di ser qetilkirina Gubetell\u00ee Ersoz de derbas b\u00fbn. L\u00ea \u015fer\u00ea li Kurdistan\u00ea h\u00eena didome. Rojnameger\u00ean p\u00ean\u00fbsa w\u00ea dewr girtin H\u00earo Bahad\u00een \u00fb Gul\u00eestan Tara, C\u00eehan B\u00eelg\u00een di 23\u2019y\u00ea Tebax\u00ea de li Sil\u00eamaniy\u00ea hatin qetikirin. Sedema v\u00ea j\u00ee bi salan ber\u00ea gotib\u00fb: \u201c\u00c7apemeniy\u00ea rast\u00ee biniv\u00eesanda w\u00ea \u00eero evqas mirov nemiribana.\u201d<\/p>\n\n\n\n<figure class=\"wp-block-gallery has-nested-images columns-default is-cropped wp-block-gallery-2 is-layout-flex wp-block-gallery-is-layout-flex\">\n<figure class=\"wp-block-image size-large\"><img decoding=\"async\" width=\"1024\" height=\"576\" data-id=\"14067\" src=\"data:image\/gif;base64,R0lGODlhAQABAAAAACH5BAEKAAEALAAAAAABAAEAAAICTAEAOw==\" data-src=\"https:\/\/mkgdernek.org\/kr\/wp-content\/uploads\/sites\/2\/2025\/06\/daktilolu-kurtce-1-1024x576.jpg\" alt=\"\" class=\"wp-image-14067 lazyload\" data-sizes=\"auto\" data-srcset=\"https:\/\/mkgdernek.org\/kr\/wp-content\/uploads\/sites\/2\/2025\/06\/daktilolu-kurtce-1-1024x576.jpg 1024w, https:\/\/mkgdernek.org\/kr\/wp-content\/uploads\/sites\/2\/2025\/06\/daktilolu-kurtce-1-300x169.jpg 300w, https:\/\/mkgdernek.org\/kr\/wp-content\/uploads\/sites\/2\/2025\/06\/daktilolu-kurtce-1-768x432.jpg 768w, https:\/\/mkgdernek.org\/kr\/wp-content\/uploads\/sites\/2\/2025\/06\/daktilolu-kurtce-1-1100x618.jpg 1100w, https:\/\/mkgdernek.org\/kr\/wp-content\/uploads\/sites\/2\/2025\/06\/daktilolu-kurtce-1-600x337.jpg 600w, https:\/\/mkgdernek.org\/kr\/wp-content\/uploads\/sites\/2\/2025\/06\/daktilolu-kurtce-1-20x11.jpg 20w, https:\/\/mkgdernek.org\/kr\/wp-content\/uploads\/sites\/2\/2025\/06\/daktilolu-kurtce-1.jpg 1366w\" sizes=\"(max-width: 1024px) 100vw, 1024px\" \/><\/figure>\n<\/figure>\n\n\n\n<p><\/p>\n\n\n\n<p>,<\/p>\n","protected":false},"excerpt":{"rendered":"<p>Rojnameger Gurbetell\u00ee Ersoz li Kurdistan \u00fb Tirkiyey\u00ea yekem ger\u00eenendeya gi\u015ft\u00ee ya we\u015fan\u00ea b\u00fb. W\u00ea bi helwest, p\u00ean\u00fbs \u00fb t\u00eako\u015f\u00eena xwe nav\u00ea xwe di d\u00eerok\u00ea de niv\u00eesand. Ew ji bo jin\u00ean rojnameger b\u00fb feyz \u00fb ronah\u00ee. Rojnameger Gurbetell\u00ee Ersoz li Kurdistan \u00fb Tirkiyey\u00ea yekem ger\u00eenendeya gi\u015ft\u00ee ya we\u015fan\u00ea b\u00fb. Li pey xwe m\u00eerateyeke gir\u00eeng ji bo [&hellip;]<\/p>\n","protected":false},"author":1,"featured_media":0,"comment_status":"closed","ping_status":"open","sticky":false,"template":"","format":"standard","meta":{"footnotes":""},"categories":[36],"tags":[],"mektuplar":[],"class_list":["post-14065","post","type-post","status-publish","format-standard","hentry","category-nuce"],"_links":{"self":[{"href":"https:\/\/mkgdernek.org\/kr\/wp-json\/wp\/v2\/posts\/14065","targetHints":{"allow":["GET"]}}],"collection":[{"href":"https:\/\/mkgdernek.org\/kr\/wp-json\/wp\/v2\/posts"}],"about":[{"href":"https:\/\/mkgdernek.org\/kr\/wp-json\/wp\/v2\/types\/post"}],"author":[{"embeddable":true,"href":"https:\/\/mkgdernek.org\/kr\/wp-json\/wp\/v2\/users\/1"}],"replies":[{"embeddable":true,"href":"https:\/\/mkgdernek.org\/kr\/wp-json\/wp\/v2\/comments?post=14065"}],"version-history":[{"count":1,"href":"https:\/\/mkgdernek.org\/kr\/wp-json\/wp\/v2\/posts\/14065\/revisions"}],"predecessor-version":[{"id":14068,"href":"https:\/\/mkgdernek.org\/kr\/wp-json\/wp\/v2\/posts\/14065\/revisions\/14068"}],"wp:attachment":[{"href":"https:\/\/mkgdernek.org\/kr\/wp-json\/wp\/v2\/media?parent=14065"}],"wp:term":[{"taxonomy":"category","embeddable":true,"href":"https:\/\/mkgdernek.org\/kr\/wp-json\/wp\/v2\/categories?post=14065"},{"taxonomy":"post_tag","embeddable":true,"href":"https:\/\/mkgdernek.org\/kr\/wp-json\/wp\/v2\/tags?post=14065"},{"taxonomy":"mektuplar","embeddable":true,"href":"https:\/\/mkgdernek.org\/kr\/wp-json\/wp\/v2\/mektuplar?post=14065"}],"curies":[{"name":"wp","href":"https:\/\/api.w.org\/{rel}","templated":true}]}}