{"id":14070,"date":"2025-06-18T13:39:16","date_gmt":"2025-06-18T10:39:16","guid":{"rendered":"https:\/\/mkgdernek.org\/kr\/?p=14070"},"modified":"2025-06-18T13:39:17","modified_gmt":"2025-06-18T10:39:17","slug":"xelaten-rojnamegeriya-jinan-a-gurbetelli-ersoz","status":"publish","type":"post","link":"https:\/\/mkgdernek.org\/kr\/blog\/navenda-medyaye\/bangewazi\/xelaten-rojnamegeriya-jinan-a-gurbetelli-ersoz\/2025\/06\/14070\/","title":{"rendered":"XELAT\u00caN ROJNAMEGERIYA JINAN A GURBETELL\u00ce ERSOZ"},"content":{"rendered":"\n<p>Serl\u00eadan\u00ean Xelat\u00ean Rojnamegeriy\u00ea y\u00ean Gurbetell\u00ee Ersoz \u00ean 1\u2019em\u00een \u00ean w\u00ea ji aliy\u00ea komeleya me ve b\u00ea lidarxistin, dest p\u00ea kir. Gurbetelli Ersoz di d\u00eeroka \u00c7apemeniya Azad de b\u00fb dengek\u00ee mezin, li Tirkiyey\u00ea cara ewil wek\u00ee jinek\u00ea b\u00fb Ger\u00eenendeya We\u015fan\u00ea ya Gi\u015ft\u00ee. Serl\u00eadan\u00ean em \u00ea ji bo b\u00eeran\u00eena Gurbetelli Ersoz \u00fb jin\u00ean xebatkar\u00ean \u00e7apemeniya azad \u00ean jiyana xwe ji dest dane, li dar bixin, dest p\u00ea kir. D\u00eeroka serl\u00eadana dawiy\u00ea di 28\u2019\u00ea \u00celon\u00ea de ye.<\/p>\n\n\n\n<p>\u015eERT\u00caN BE\u015eDARIYA XELAT\u00caN ROJNAMEGERIYA JIN\u00ca YA GURBETELL\u00ce ERSOZ<\/p>\n\n\n\n<p>Ten\u00ea rojnamevan\u00ean jin dikarin be\u015fdar\u00ee p\u00ea\u015fbirka ku ji h\u00eala Komeleya Rojnameger\u00ean Jin a Mezopotamyay\u00ea (MKG) ve t\u00ea lidarxistin, bibin.<\/p>\n\n\n\n<p>Merc\u00ean be\u015fdarb\u00fbn\u00ea y\u00ean ji bo Xelat\u00ean Rojnamegeriya Jinan a Gurbetelli Ersoz ev in:<\/p>\n\n\n\n<p>P\u00ea\u015fbirk d\u00ea di 4 kategoriyan de were lidarxistin: N\u00fb\u00e7ey\u00ean \u201cKurd\u00ee\u201d, \u201cTirk\u00ee\u201d, \u201cW\u00eane\u201d \u00fb n\u00fb\u00e7ey\u00ean \u201cW\u00eane-V\u00eedeo\u201d.<\/p>\n\n\n\n<p>Her be\u015fdar dikare ten\u00ea bi yek berhem\u00ea di yek kategoriy\u00ea de be\u015fdar\u00ee p\u00ea\u015fbirk\u00ea bibe. Serl\u00eadan\u00ean ji bo p\u00ea\u015fbirk\u00ea d\u00ea di 17\u2019\u00ea Hez\u00eerana 2025\u2019an de dest p\u00ea bikin \u00fb di 28\u2019\u00ea \u00celona 2025\u2019an de bi daw\u00ee bibin. Berhem\u00ean serket\u00ee d\u00ea di 6\u2019\u00ea Cotmeh\u00ea de werin ragihandin. Xelat d\u00ea di 8\u2019\u00ea Cotmeh\u00ea de, di meras\u00eema d\u00ea were lidarxistin de, b\u00ea dayin. Ji bo kes\u00ean di p\u00ea\u015fbirk\u00ea de bi ser bikevin w\u00ea komp\u00eetur wek\u00ee diyar\u00ee b\u00ea dayin.<\/p>\n\n\n\n<p>Her kes dikare tevli p\u00ea\u015fbirk\u00ea bibe. Jur\u00ee nikarin tevli p\u00ea\u015fbirk\u00ea bibin. Berhem\u00ean ku ji bo p\u00ea\u015fbirk\u00ea hatine \u015fandin div\u00ea ber\u00ee 8\u2019\u00ea Cotmeha 2024\u2019an nehatibin we\u015fandin. Be\u015fdar dikare bi berhemeke ku di nav salek\u00ea de xelat negirtibe \u00fb di p\u00ea\u015fbirkeke din\u00ea de nehatibe p\u00ea\u015fandan, tevli p\u00ea\u015fbirk\u00ea bibe. Ger e\u015fkere bibe ku berhem di nav salek\u00ea de li dereke din\u00ea hatiye p\u00ea\u015fandan an j\u00ee xelat girtiye w\u00ea ew xelata ji bo w\u00ea berhem\u00ea b\u00ea betalkirin. W\u00ea dem\u00ea ger xelatek hatibe wergirtin, div\u00ea ji h\u00eala be\u015fdar ve were vegerandin. Be\u015fdar dema ku bi xelateke ne a\u00eed\u00ee w\u00ea be tevli p\u00ea\u015fbirk\u00ea bibe w\u00ea dem\u00ea ew \u00ea sepandina binp\u00eakirina r\u00eagez\u00ea ji aliy\u00ea endam\u00ean juriye ve p\u00eak were.<\/p>\n\n\n\n<p>Hem\u00fb be\u015fdar\u00ean ku berhem\u00ean xwe di\u015f\u00eenin p\u00ea\u015fbirk\u00ea, wek\u00ee ku mijar\u00ean di \u015fert\u00ean be\u015fdariy\u00ea de hatine destn\u00ee\u015fankirin, qeb\u00fbl kirine, t\u00eane hesibandin. Be\u015fdar\u00ean ku van mercan bic\u00eeh neynin d\u00ea ji p\u00ea\u015fbirk\u00ea werin derxistin. Ger berhem nehatibe we\u015fandin, nav\u00ea berhem\u00ea, cih \u00fb dema ki\u015fandina w\u00ea div\u00ea di dosyay\u00ea de cih bigire; ger hatibe we\u015fandin j\u00ee, div\u00ea rojname, kovar, ajans, malper, agahdariya TV \u00fb d\u00eeroka we\u015fan\u00ea \u00fb kopiyek ji we\u015fan\u00ea di dosyay\u00ea de cih bigirin.<\/p>\n\n\n\n<p>Be\u015fdar div\u00ea j\u00eenen\u00eegar\u00ee (CV), navn\u00ee\u015fana t\u00eakiliy\u00ea \u00fb agahiy\u00ean li ser berhema xwe li dosyaya serl\u00eadana xwe z\u00eade bikin. Serl\u00eadan d\u00ea bi r\u00eaya malpera ferm\u00ee ya MKG\u2019\u00ea werin kirin.<\/p>\n\n\n\n<p>DERBAR\u00ca BE\u015eA N\u00db\u00c7EYAN DE<\/p>\n\n\n\n<p>Be\u015fdar dikarin bi berhem\u00ean di kategoriy\u00ean wek\u00ee siyaset, abor\u00ee, ekoloj\u00ee, perwerde, tendurist\u00ee, civak-jiyan, \u00e7and-huner \u00fb werz\u00ee\u015f\u00ea de y\u00ean ku bal\u00ea diki\u015f\u00eenin ser jinan \u00fb bi perspekt\u00eefa jinan hatine amadekirin, be\u015fdar bibin. Ger n\u00fb\u00e7ey\u00ean ku w\u00ea ji bo p\u00ea\u015fbirk\u00ea b\u00ea \u015fandin, li ser \u00e7apemeniya niv\u00eesk\u00ee hatibe we\u015fandin dikare bi formata PDF\u2019\u00ea ji navn\u00ee\u015fana e-ma\u00eel\u00ea re were \u015fandin \u00fb ger di medyaya \u00eenternet\u00ea de hatibe we\u015fandin, dikare bi formata Word\u2019\u00ea were \u015fandin. Div\u00ea l\u00eenka n\u00fb\u00e7eya ku di medyaya \u00eenternet\u00ea de hatiye we\u015fandin j\u00ee were \u015fandin.<\/p>\n\n\n\n<p>DERBAR\u00ca BE\u015eA W\u00caNEYAN DE<\/p>\n\n\n\n<p>Li ser r\u00fby\u00ea dawiy\u00ea y\u00ea qoziya \u00e7ep\u00ea y\u00ea bin\u00ee y\u00ea berhema w\u00ea b\u00ea \u015fandin, w\u00ea nav \u00fb pa\u015fnav\u00ea xwediya berhem\u00ea \u00fb nav\u00ea berhem\u00ea b\u00ean niv\u00eesandin. Div\u00ea dema ki\u015fandina berhem\u00ea, mekan \u00fb nav\u00ea n\u00fb\u00e7ey\u00ea b\u00ea diyarkirin. Div\u00ea p\u00eevana berhem\u00ean w\u00ea b\u00ean \u015fandin wiha be: k\u00ealeka kin her\u00ee k\u00eam 2000 piksel, div\u00ea di formata JPG\u2019\u00ea de be, div\u00ea d\u00eetbariya w\u00ea 300DP\u00ce be. Ger lijneya juriy\u00ea p\u00eadiviy\u00ea bib\u00eene dikare ji be\u015fdaran hal\u00ea orj\u00eenal \u00ea w\u00eane (Raw) j\u00ee bixwaze. W\u00eaney\u00ean ku li ser hatibin l\u00eestin (ji xeyn\u00ee eyar\u00ean ronah\u00ee, reng, kontrast\u00ea) nay\u00ean qeb\u00fblkirin. Div\u00ea w\u00eane wateya \u201cw\u00eaney\u00ea n\u00fb\u00e7ey\u00ea\u201d hilgire.<\/p>\n\n\n\n<p>DERBAR\u00ca V\u00ceDEO \u00db N\u00db\u00c7EY\u00caN BI D\u00ceMEN DE<\/p>\n\n\n\n<p>Di be\u015fa ku n\u00fb\u00e7ey\u00ean d\u00eetbar\u00ee y\u00ean ji ajansan \u00fb n\u00fb\u00e7ey\u00ean telev\u00eezyon\u00ea w\u00ea l\u00ea cih bigirin de, div\u00ea be\u015fdar li kurg\u00fb, kal\u00eeteya d\u00eetbariy\u00ea \u00fb hevsengiya di navbera deng\u00ea xwezay\u00ee \u00fb deng\u00ea derve de, baldar bin. Div\u00ea d\u00eemen bi kal\u00eeteya \u201cd\u00eemen\u00ean n\u00fb\u00e7eyan\u201d bin. Div\u00ea w\u00eaney\u00ean n\u00fb\u00e7eyan 2-3 deqeyan derbas nekin.<\/p>\n\n\n\n<p>JUR\u00ce<\/p>\n\n\n\n<p>Be\u015fa n\u00fb\u00e7ey\u00ean tirk\u00ee<\/p>\n\n\n\n<p>Gultan Ki\u015fanak, Tug\u00e7e Tatari, Pinar Ogun\u00e7, Pinar Ural<\/p>\n\n\n\n<p>Be\u015fa n\u00fb\u00e7ey\u00ean kurd\u00ee<\/p>\n\n\n\n<p>Semiha Alanku\u015f, Hatice Kamer, Hesna Muhemed<\/p>\n\n\n\n<p>Be\u015fa w\u00eaneyan<\/p>\n\n\n\n<p>Laura Domenech, Ni\u015fmiye Guler, Reyhan Hacioglu, B\u00ear\u00eetan Canozer<\/p>\n\n\n\n<p>Be\u015fa V\u00eedeo \u2013 N\u00fb\u00e7ey\u00ean bi d\u00eemen<\/p>\n\n\n\n<p>Nezahat Dogan, Halime Parlak, Heval Arslan<\/p>\n\n\n\n<p>Navn\u00ee\u015fan:<\/p>\n\n\n\n<p>Komeleya Rojnameger\u00ean Jin a Mezopotamyay\u00ea<br>Ku\u00e7eya Al\u00eeem\u00eer\u00ee, Avahiya Mal\u00ee Mu\u015fav\u00eerler Hejmar: 1-1\/3<br>Yen\u00ee\u015fehir\/AMED<\/p>\n\n\n\n<p>E-Posta: info@mkgdernek.org<\/p>\n\n\n\n<p>Tel: +90 (555) 746 93 43<\/p>\n","protected":false},"excerpt":{"rendered":"<p>Serl\u00eadan\u00ean Xelat\u00ean Rojnamegeriy\u00ea y\u00ean Gurbetell\u00ee Ersoz \u00ean 1\u2019em\u00een \u00ean w\u00ea ji aliy\u00ea komeleya me ve b\u00ea lidarxistin, dest p\u00ea kir. Gurbetelli Ersoz di d\u00eeroka \u00c7apemeniya Azad de b\u00fb dengek\u00ee mezin, li Tirkiyey\u00ea cara ewil wek\u00ee jinek\u00ea b\u00fb Ger\u00eenendeya We\u015fan\u00ea ya Gi\u015ft\u00ee. Serl\u00eadan\u00ean em \u00ea ji bo b\u00eeran\u00eena Gurbetelli Ersoz \u00fb jin\u00ean xebatkar\u00ean \u00e7apemeniya azad \u00ean [&hellip;]<\/p>\n","protected":false},"author":1,"featured_media":14071,"comment_status":"closed","ping_status":"open","sticky":false,"template":"","format":"standard","meta":{"footnotes":""},"categories":[44,49],"tags":[],"mektuplar":[],"class_list":["post-14070","post","type-post","status-publish","format-standard","has-post-thumbnail","hentry","category-bangewazi","category-navenda-medyaye"],"_links":{"self":[{"href":"https:\/\/mkgdernek.org\/kr\/wp-json\/wp\/v2\/posts\/14070","targetHints":{"allow":["GET"]}}],"collection":[{"href":"https:\/\/mkgdernek.org\/kr\/wp-json\/wp\/v2\/posts"}],"about":[{"href":"https:\/\/mkgdernek.org\/kr\/wp-json\/wp\/v2\/types\/post"}],"author":[{"embeddable":true,"href":"https:\/\/mkgdernek.org\/kr\/wp-json\/wp\/v2\/users\/1"}],"replies":[{"embeddable":true,"href":"https:\/\/mkgdernek.org\/kr\/wp-json\/wp\/v2\/comments?post=14070"}],"version-history":[{"count":1,"href":"https:\/\/mkgdernek.org\/kr\/wp-json\/wp\/v2\/posts\/14070\/revisions"}],"predecessor-version":[{"id":14073,"href":"https:\/\/mkgdernek.org\/kr\/wp-json\/wp\/v2\/posts\/14070\/revisions\/14073"}],"wp:featuredmedia":[{"embeddable":true,"href":"https:\/\/mkgdernek.org\/kr\/wp-json\/wp\/v2\/media\/14071"}],"wp:attachment":[{"href":"https:\/\/mkgdernek.org\/kr\/wp-json\/wp\/v2\/media?parent=14070"}],"wp:term":[{"taxonomy":"category","embeddable":true,"href":"https:\/\/mkgdernek.org\/kr\/wp-json\/wp\/v2\/categories?post=14070"},{"taxonomy":"post_tag","embeddable":true,"href":"https:\/\/mkgdernek.org\/kr\/wp-json\/wp\/v2\/tags?post=14070"},{"taxonomy":"mektuplar","embeddable":true,"href":"https:\/\/mkgdernek.org\/kr\/wp-json\/wp\/v2\/mektuplar?post=14070"}],"curies":[{"name":"wp","href":"https:\/\/api.w.org\/{rel}","templated":true}]}}