{"id":14235,"date":"2025-10-08T08:52:30","date_gmt":"2025-10-08T05:52:30","guid":{"rendered":"https:\/\/mkgdernek.org\/kr\/?p=14235"},"modified":"2025-10-08T08:52:30","modified_gmt":"2025-10-08T05:52:30","slug":"ji-penusa-gurbetelli-ersoz-ber-bi-azadiye-ve-rojnamegeriya-jinan-bi-mirata-we-ges-dibe","status":"publish","type":"post","link":"https:\/\/mkgdernek.org\/kr\/blog\/navenda-medyaye\/bangewazi\/ji-penusa-gurbetelli-ersoz-ber-bi-azadiye-ve-rojnamegeriya-jinan-bi-mirata-we-ges-dibe\/2025\/10\/14235\/","title":{"rendered":"Ji p\u00ean\u00fbsa Gurbetell\u00ee Ersoz ber bi azadiy\u00ea ve: Rojnamegeriya jinan bi m\u00eerata w\u00ea ge\u015f dibe"},"content":{"rendered":"\n<p>Gurbetell\u00ee Ersoz, p\u00ea\u015fenga t\u00eako\u015f\u00eena azadiya jinan \u00fb \u00e7apemeniya azad, pi\u015ft\u00ee jiyaneke ku li pey rastiy\u00ea derbas b\u00fb, di 8&#8217;\u00ea Cotmeha 1997&#8217;an de ko\u00e7a daw\u00ee kir. Di salvegera \u015fehadeta w\u00ea de, em wek\u00ee rojnamevan careke din f\u00eam dikin ku Gurbetell\u00ee ne ten\u00ea navek e; ew wijdan\u00ea d\u00eeroka \u00e7apemeniya azad, deng \u00fb p\u00ean\u00fbsa jinan a berxwedan\u00ea ye.<\/p>\n\n\n\n<p>Gurbetell\u00ee, di nava zanist, ronakb\u00eer\u00ee \u00fb t\u00eako\u015f\u00eena gel a ji bo azadiy\u00ea de xwe bi te\u015fe kir, di tevahiya jiyana xwe de parastina rastiy\u00ea wek\u00ee exlaq\u00ea her\u00ee bingeh\u00een did\u00eet. W\u00ea rojnameger\u00ee ne ten\u00ea wek\u00ee qadeke p\u00ee\u015fey\u00ee, l\u00ea wek\u00ee t\u00eako\u015f\u00eena civak\u00eekirina rastiy\u00ea p\u00eanase dikir. Bi p\u00ean\u00fbsa xwe, d\u00eewar\u00ean b\u00eadengiy\u00ea y\u00ean ku ji h\u00eala fermana medyaya serdest a m\u00earan ve hatine ferzkirin \u015fikand, bedel\u00ean giran da, da ku deng\u00ea jinan, xizanan, gel\u00ea Kurd \u00fb hem\u00ee kom\u00ean bindest bigih\u00eene.<\/p>\n\n\n\n<p>Dema ku li pey rastiy\u00ea di\u00e7\u00fb, w\u00ea n\u00ee\u015fan da ku niv\u00eesandin j\u00ee te\u015feyek\u00ee berxwedan\u00ea ye. W\u00ea p\u00ean\u00fbsa xwe ne ten\u00ea ji bo \u00e7\u00eakirina n\u00fb\u00e7eyan, l\u00ea di heman dem\u00ea de ji bo vekirina r\u00eaya azadiy\u00ea j\u00ee bi kar an\u00ee. Ji bo Gurbetell\u00ee, rojnameger\u00ee ne ten\u00ea ragihandina b\u00fbyeran b\u00fb; ew li ser zind\u00eehi\u015ftina wijdan\u00ea civak\u00ea, li ser avakirina peyva rastiy\u00ea li dij\u00ee h\u00eaza derewan b\u00fb. Ji ber v\u00ea yek\u00ea rojnamegeriya w\u00ea heta roja \u00eero wek\u00ee x\u00eazek ku bi hi\u015fmendiya jinan, welatpar\u00eaz\u00ee \u00fb berpirsiyariya \u015fore\u015fger\u00ee ve hat\u00ee hunandin maye.<\/p>\n\n\n\n<p>\u00cero, wek\u00ee Komeleya Rojnameger\u00ean Jin a Mezopotamyay\u00ea, erka me ya bingeh\u00een ew e ku em m\u00eerata Gurbetell\u00ee zind\u00ee bih\u00ealin \u00fb r\u00eaya w\u00ea vekiriye berfireh bikin. Em kevne\u015fopiya \u00e7apemeniya azad a ji p\u00ean\u00fbsa w\u00ea, bi b\u00eerdoziya rizgariya jinan ve didom\u00eenin. Her rojnamevan div\u00ea ne ten\u00ea m\u00eerata Gurbetell\u00ee bi b\u00eer b\u00eenin, l\u00ea di heman dem\u00ea de bi her n\u00fb\u00e7ey\u00ean xwe, bi her pirs, di her w\u00eaneyek\u00ee de w\u00ea bidin jiy\u00een.<\/p>\n\n\n\n<p>Bi w\u00ea re, rojnamegeriya jinan \u00ead\u00ee ten\u00ea ne p\u00ee\u015feyek b\u00fb; ew b\u00fb qadeke berxwedan\u00ea, prat\u00eekeke rizgariy\u00ea. \u00cero niv\u00eesandina heq\u00eeqet\u00ea ya bi ziman\u00ea Gurbetell\u00ee t\u00ea wateya xwed\u00eederketina li b\u00eeran\u00eena w\u00ea \u00fb t\u00ea wateya d\u00eetina jiyan\u00ean ku s\u00eestema desthilatdar a m\u00ear jined\u00eet\u00ee ve t\u00ea.<\/p>\n\n\n\n<p>P\u00ean\u00fbs\u00ean me bi rih\u00ea w\u00ea y\u00ea berxwedan\u00ea ve gir\u00eaday\u00ee ne; her w\u00eaneyek\u00ee ku ji h\u00eala kamerayan ve hat\u00ee ki\u015fandin \u015fopa w\u00earekiya w\u00ea hildigire. Em gotina Gurbetell\u00ee ya &#8216;Heta jin azad nebe gel azad nabin&#8217; ji xwe re esas digirin. Em \u00ea bi v\u00ea re li d\u00fb heq\u00eeqet\u00ea bi p\u00ean\u00fbsa xwe bigirin.<\/p>\n\n\n\n<p>Em hem\u00fb rojnamevan\u00ean jin \u00ean ku bedela rastiy\u00ea dane, tev\u00ee Gurbetell\u00ee Ersoz, bi r\u00eazdar\u00ee, ev\u00een \u00fb berxwedan\u00ea bi b\u00eer t\u00eenin. M\u00eerata wan r\u00eaya \u00e7apemeniya jinan ron\u00ee dike.<\/p>\n\n\n\n<p><strong>Komeleya Rojnameger\u00ean Jin a Mezopotamyay\u00ea (MKG)<\/strong><\/p>\n","protected":false},"excerpt":{"rendered":"<p>Gurbetell\u00ee Ersoz, p\u00ea\u015fenga t\u00eako\u015f\u00eena azadiya jinan \u00fb \u00e7apemeniya azad, pi\u015ft\u00ee jiyaneke ku li pey rastiy\u00ea derbas b\u00fb, di 8&#8217;\u00ea Cotmeha 1997&#8217;an de ko\u00e7a daw\u00ee kir. Di salvegera \u015fehadeta w\u00ea de, em wek\u00ee rojnamevan careke din f\u00eam dikin ku Gurbetell\u00ee ne ten\u00ea navek e; ew wijdan\u00ea d\u00eeroka \u00e7apemeniya azad, deng \u00fb p\u00ean\u00fbsa jinan a berxwedan\u00ea ye. [&hellip;]<\/p>\n","protected":false},"author":1,"featured_media":12808,"comment_status":"closed","ping_status":"open","sticky":false,"template":"","format":"standard","meta":{"footnotes":""},"categories":[44,49],"tags":[],"mektuplar":[],"class_list":["post-14235","post","type-post","status-publish","format-standard","has-post-thumbnail","hentry","category-bangewazi","category-navenda-medyaye"],"_links":{"self":[{"href":"https:\/\/mkgdernek.org\/kr\/wp-json\/wp\/v2\/posts\/14235","targetHints":{"allow":["GET"]}}],"collection":[{"href":"https:\/\/mkgdernek.org\/kr\/wp-json\/wp\/v2\/posts"}],"about":[{"href":"https:\/\/mkgdernek.org\/kr\/wp-json\/wp\/v2\/types\/post"}],"author":[{"embeddable":true,"href":"https:\/\/mkgdernek.org\/kr\/wp-json\/wp\/v2\/users\/1"}],"replies":[{"embeddable":true,"href":"https:\/\/mkgdernek.org\/kr\/wp-json\/wp\/v2\/comments?post=14235"}],"version-history":[{"count":1,"href":"https:\/\/mkgdernek.org\/kr\/wp-json\/wp\/v2\/posts\/14235\/revisions"}],"predecessor-version":[{"id":14236,"href":"https:\/\/mkgdernek.org\/kr\/wp-json\/wp\/v2\/posts\/14235\/revisions\/14236"}],"wp:featuredmedia":[{"embeddable":true,"href":"https:\/\/mkgdernek.org\/kr\/wp-json\/wp\/v2\/media\/12808"}],"wp:attachment":[{"href":"https:\/\/mkgdernek.org\/kr\/wp-json\/wp\/v2\/media?parent=14235"}],"wp:term":[{"taxonomy":"category","embeddable":true,"href":"https:\/\/mkgdernek.org\/kr\/wp-json\/wp\/v2\/categories?post=14235"},{"taxonomy":"post_tag","embeddable":true,"href":"https:\/\/mkgdernek.org\/kr\/wp-json\/wp\/v2\/tags?post=14235"},{"taxonomy":"mektuplar","embeddable":true,"href":"https:\/\/mkgdernek.org\/kr\/wp-json\/wp\/v2\/mektuplar?post=14235"}],"curies":[{"name":"wp","href":"https:\/\/api.w.org\/{rel}","templated":true}]}}