{"id":14305,"date":"2026-04-06T07:59:54","date_gmt":"2026-04-06T04:59:54","guid":{"rendered":"https:\/\/mkgdernek.org\/kr\/?p=14305"},"modified":"2026-04-06T07:59:54","modified_gmt":"2026-04-06T04:59:54","slug":"daxuyaniya-6e-nisane-roja-rojnamegeren-hatine-kustin","status":"publish","type":"post","link":"https:\/\/mkgdernek.org\/kr\/blog\/navenda-medyaye\/daxuyaniya-6e-nisane-roja-rojnamegeren-hatine-kustin\/2026\/04\/14305\/","title":{"rendered":"Daxuyaniya 6&#8217;\u00ea N\u00eesan\u00ea Roja Rojnameger\u00ean Hatine Ku\u015ftin"},"content":{"rendered":"\n<p><\/p>\n\n\n\n<p>6&#8217;\u00ea N\u00eesan\u00ea wek\u00ee roja bib\u00eeran\u00eena rojnamevan\u00ean ku li Tirkiyey\u00ea ji ber \u00e7alakiy\u00ean xwe y\u00ean rojnamegeriy\u00ea hatine ku\u015ftin, hatiye \u00eelankirin. Ev d\u00eerok ji ber rojnamevan \u00fb niv\u00eeskar Hesen Fehm\u00ee Beg di 6&#8217;\u00ea N\u00eesana 1909&#8217;an de li ser Pira Galatay\u00ea hatiye ku\u015ftin, hatiye hilbijartin. Komeleya Rojnamevan\u00ean Tirkiyey\u00ea (TGC) di sala 1997&#8217;an de 6&#8217;\u00ea N\u00eesan\u00ea wek\u00ee &#8220;Roja Rojnamevan\u00ean \u015eeh\u00eed&#8221; destn\u00ee\u015fan kir. L\u00ea bel\u00ea di sala 2005&#8217;an de, nav\u00ea v\u00ea roj\u00ea wek\u00ee &#8220;Roja Rojnamevan\u00ean Hatine Ku\u015ftin&#8221; hat guhertin.<\/p>\n\n\n\n<p>6&#8217;\u00ea N\u00eesan\u00ea roja bib\u00eeran\u00eena rojnameger\u00ean hatine ku\u015ftin e. Ev rojnameger ji ber li d\u00fb heq\u00eeqet\u00ea b\u00fbn hatine ku\u015ftin. Rojnmeger\u00ean ji ber rast\u00ee derxistin hol\u00ea, ji ber b\u00fbn deng\u00ea gel \u00fb ji ber tar\u00eet\u00ee te\u015fh\u00eer kirin hatin ku\u015ftin, w\u00ea her tim di hafizaya t\u00eako\u015f\u00eena \u00e7apemeniya azad de bij\u00een. Em di \u015fex\u015f\u00ea rojnameger\u00ean hatine ku\u015ftin de d\u00eesa bi b\u00eer dixin ku bi rojnameger\u00ean hat xwestin p\u00ean\u00fbsa wan b\u00ean \u015fikandin, di heman dem\u00ea de hat xwestin heq\u00eeqet j\u00ee b\u00eadeng b\u00ea hi\u015ftin. L\u00ea bel\u00ea zext, gefxwarin \u00fb pol\u00eet\u00eekay\u00ean b\u00eacezahi\u015ftin\u00ea tu car\u00ee nikarib\u00fbn kevne\u015fopiya \u00e7apemeniya azad bidin sekinandin.<\/p>\n\n\n\n<p>Kes\u00ean li ser v\u00ea ax\u00ea, li pey rastiy\u00ea \u00e7\u00fbne her tim bedel dane, l\u00ea wan qet dev ji rastiy\u00ea bernedane. \u00cero, em hem\u00fb rojnamevan\u00ean ku hatine ku\u015ftin bi r\u00eaz \u00fb bi minet bi b\u00eer t\u00eenin. M\u00eerata wan, berxwedana wan \u00fb t\u00eako\u015f\u00eena wan a ji bo rastiy\u00ea r\u00eaya me ron\u00ee dikin. P\u00ean\u00fbs\u00ean rojnamevan\u00ean ku hatine ku\u015ftin neketin erd\u00ea \u00fb ew \u00ea nekevin erd\u00ea. Erka me ye ku em t\u00eako\u015f\u00eena wan a ji bo rastiy\u00ea berfireh bikin, li bib\u00eeran\u00eena wan xwed\u00ee derkevin \u00fb xeta azadiya \u00e7apemeniy\u00ea bidom\u00eenin.<\/p>\n\n\n\n<p>Komeleya Rojnameger\u00ean Jin a Mezopotamyay\u00ea (MKG) &#8211; Komeleya Rojnamegeran a D\u00eecle Firat\u00ea (DFG)<\/p>\n","protected":false},"excerpt":{"rendered":"<p>6&#8217;\u00ea N\u00eesan\u00ea wek\u00ee roja bib\u00eeran\u00eena rojnamevan\u00ean ku li Tirkiyey\u00ea ji ber \u00e7alakiy\u00ean xwe y\u00ean rojnamegeriy\u00ea hatine ku\u015ftin, hatiye \u00eelankirin. Ev d\u00eerok ji ber rojnamevan \u00fb niv\u00eeskar Hesen Fehm\u00ee Beg di 6&#8217;\u00ea N\u00eesana 1909&#8217;an de li ser Pira Galatay\u00ea hatiye ku\u015ftin, hatiye hilbijartin. Komeleya Rojnamevan\u00ean Tirkiyey\u00ea (TGC) di sala 1997&#8217;an de 6&#8217;\u00ea N\u00eesan\u00ea wek\u00ee &#8220;Roja Rojnamevan\u00ean [&hellip;]<\/p>\n","protected":false},"author":1,"featured_media":14274,"comment_status":"closed","ping_status":"open","sticky":false,"template":"","format":"standard","meta":{"footnotes":""},"categories":[50,49],"tags":[],"mektuplar":[],"class_list":["post-14305","post","type-post","status-publish","format-standard","has-post-thumbnail","hentry","category-daxuyaniyen-capemeniye","category-navenda-medyaye"],"_links":{"self":[{"href":"https:\/\/mkgdernek.org\/kr\/wp-json\/wp\/v2\/posts\/14305","targetHints":{"allow":["GET"]}}],"collection":[{"href":"https:\/\/mkgdernek.org\/kr\/wp-json\/wp\/v2\/posts"}],"about":[{"href":"https:\/\/mkgdernek.org\/kr\/wp-json\/wp\/v2\/types\/post"}],"author":[{"embeddable":true,"href":"https:\/\/mkgdernek.org\/kr\/wp-json\/wp\/v2\/users\/1"}],"replies":[{"embeddable":true,"href":"https:\/\/mkgdernek.org\/kr\/wp-json\/wp\/v2\/comments?post=14305"}],"version-history":[{"count":1,"href":"https:\/\/mkgdernek.org\/kr\/wp-json\/wp\/v2\/posts\/14305\/revisions"}],"predecessor-version":[{"id":14306,"href":"https:\/\/mkgdernek.org\/kr\/wp-json\/wp\/v2\/posts\/14305\/revisions\/14306"}],"wp:featuredmedia":[{"embeddable":true,"href":"https:\/\/mkgdernek.org\/kr\/wp-json\/wp\/v2\/media\/14274"}],"wp:attachment":[{"href":"https:\/\/mkgdernek.org\/kr\/wp-json\/wp\/v2\/media?parent=14305"}],"wp:term":[{"taxonomy":"category","embeddable":true,"href":"https:\/\/mkgdernek.org\/kr\/wp-json\/wp\/v2\/categories?post=14305"},{"taxonomy":"post_tag","embeddable":true,"href":"https:\/\/mkgdernek.org\/kr\/wp-json\/wp\/v2\/tags?post=14305"},{"taxonomy":"mektuplar","embeddable":true,"href":"https:\/\/mkgdernek.org\/kr\/wp-json\/wp\/v2\/mektuplar?post=14305"}],"curies":[{"name":"wp","href":"https:\/\/api.w.org\/{rel}","templated":true}]}}