{"id":14312,"date":"2026-04-12T09:39:31","date_gmt":"2026-04-12T06:39:31","guid":{"rendered":"https:\/\/mkgdernek.org\/kr\/?p=14312"},"modified":"2026-04-12T09:39:31","modified_gmt":"2026-04-12T06:39:31","slug":"tekosina-evrim-alatas-ji-me-re-dibe-ronahi","status":"publish","type":"post","link":"https:\/\/mkgdernek.org\/kr\/blog\/navenda-medyaye\/tekosina-evrim-alatas-ji-me-re-dibe-ronahi\/2026\/04\/14312\/","title":{"rendered":"T\u00eako\u015f\u00eena Evr\u00eem Alata\u015f ji me re dibe ronah\u00ee"},"content":{"rendered":"\n<p>Rojnameger rexnegir \u00fb niv\u00eeskar Evr\u00eem Alata\u015f a di 15&#8217;\u00ea N\u00eesana 1976&#8217;an de gund\u00ea Golpinara Argan\u00ea ya Meletiy\u00ea ji dayik b\u00fb di sala 1994&#8217;an de dest bi rojnamegeriy\u00ea kir. Di rojnamey\u00ean wek\u00ee Demokras\u00ee, Yen\u00ee Pol\u00eet\u00eeka, Ozgur Baki\u015f, Ulkede Ozgur Gundem\u00ea wek\u00ee n\u00fb\u00e7egihan xebit\u00ee \u00fb ed\u00eetort\u00ee kir. Di heman dem\u00ea de w\u00ea ji rojnamey\u00ean Evrensel, BirGun \u00fb Ozgur Pol\u00eet\u00eekay\u00ea n\u00eev\u00ees niv\u00eesand. Di kovar\u00ean wek\u00ee Esmer, B\u00eer\u00eek\u00eem, Amargi, Re\u015f \u00fb Tiroj\u00ea de niv\u00ees niv\u00eesand.<\/p>\n\n\n\n<p>Li Tirkiyey\u00ea di w\u00ea serdem\u00ea de j\u00ee rojnameger\u00ee zehmet b\u00fb. Li dij\u00ee zehmetiyan, zextan \u00fb astengiyan her wiha tev\u00ee hat bin\u00e7avkirin j\u00ee, Evr\u00eem Alata\u015f li berxwe da. Her \u00e7iqas hat darizandin j\u00ee \u00fb li dij\u00ee nexwe\u015fiy\u00ea li berxwe da j\u00ee l\u00ea bel\u00ea pa\u015fde gav neav\u00eat. Di serdema gund dihatin \u015fewitandin, komkuj\u00ee p\u00eak dihatin, \u015fer k\u00fbr b\u00fb de w\u00ea p\u00ee\u015feya rojnamegeriy\u00ea dikir. Bi niv\u00ees\u00ean xwe j\u00ee bandor li ser civak\u00ea dikir \u00fb xizmet ji p\u00ee\u015feya rojnamegeriy\u00ea re dikir. W\u00ea ne ten\u00ea di mijara rojnamegeriy\u00ea de di mijara xizmeta di war\u00ea parastina nasname \u00fb heb\u00fbna Gel\u00ea Kurd j\u00ee t\u00eako\u015f\u00eenek da me\u015fandin. Her wiha li ser p\u00ea\u015fketina ji bo w\u00eajeya Kurd\u00ee j\u00ee heta dawiy\u00ea xebat da me\u015fandin. Bi hilberandina xwe b\u00fb m\u00eenakeke ba\u015f.<\/p>\n\n\n\n<p>Evr\u00eem Alata\u015f bi henek\u00ean xwe, bi r\u00fby\u00ea xwe y\u00ea bi ken, bi h\u00eaza xwe ya ji bo t\u00eako\u015f\u00een\u00ea h\u00eaviyek di nava civak\u00ea de belav kir. W\u00ea dev ji t\u00eako\u015f\u00eena li dij\u00ee nexwe\u015fiya pen\u00e7e\u015fer\u00ea berneda. W\u00ea dev ji p\u00ean\u00fbsa xwe berneda. Her \u00e7iqas di 12&#8217;y\u00ea N\u00eesana 2010&#8217;an de rojnameger Evr\u00eem Alata\u015f jiyana xwe ji dest dabe j\u00ee w\u00ea li d\u00fb xwe m\u00eerateyeke mezin hi\u015ft. Bi fikr\u00ean xwe, bi niv\u00ees\u00ean xwe, bi t\u00eako\u015f\u00eena xwe ew ji me re b\u00fb feyzek giranbiha. Em wek\u00ee MKG&#8217;\u00ea dib\u00eajin em t\u00eako\u015f\u00een, m\u00eerate \u00fb r\u00fby\u00ea bi ken \u00ea Evr\u00eem Alata\u015f ji b\u00eer nekin. Ew \u00ea t\u00eako\u015f\u00eena w\u00ea ji me re bibe ronah\u00ee, ew \u00ea t\u00eako\u015f\u00eena w\u00ea ji me re bibe r\u00eaya p\u00ea\u015fketin\u00ea.<\/p>\n","protected":false},"excerpt":{"rendered":"<p>Rojnameger rexnegir \u00fb niv\u00eeskar Evr\u00eem Alata\u015f a di 15&#8217;\u00ea N\u00eesana 1976&#8217;an de gund\u00ea Golpinara Argan\u00ea ya Meletiy\u00ea ji dayik b\u00fb di sala 1994&#8217;an de dest bi rojnamegeriy\u00ea kir. Di rojnamey\u00ean wek\u00ee Demokras\u00ee, Yen\u00ee Pol\u00eet\u00eeka, Ozgur Baki\u015f, Ulkede Ozgur Gundem\u00ea wek\u00ee n\u00fb\u00e7egihan xebit\u00ee \u00fb ed\u00eetort\u00ee kir. Di heman dem\u00ea de w\u00ea ji rojnamey\u00ean Evrensel, BirGun \u00fb [&hellip;]<\/p>\n","protected":false},"author":1,"featured_media":14313,"comment_status":"closed","ping_status":"open","sticky":false,"template":"","format":"standard","meta":{"footnotes":""},"categories":[50,49],"tags":[],"mektuplar":[],"class_list":["post-14312","post","type-post","status-publish","format-standard","has-post-thumbnail","hentry","category-daxuyaniyen-capemeniye","category-navenda-medyaye"],"_links":{"self":[{"href":"https:\/\/mkgdernek.org\/kr\/wp-json\/wp\/v2\/posts\/14312","targetHints":{"allow":["GET"]}}],"collection":[{"href":"https:\/\/mkgdernek.org\/kr\/wp-json\/wp\/v2\/posts"}],"about":[{"href":"https:\/\/mkgdernek.org\/kr\/wp-json\/wp\/v2\/types\/post"}],"author":[{"embeddable":true,"href":"https:\/\/mkgdernek.org\/kr\/wp-json\/wp\/v2\/users\/1"}],"replies":[{"embeddable":true,"href":"https:\/\/mkgdernek.org\/kr\/wp-json\/wp\/v2\/comments?post=14312"}],"version-history":[{"count":1,"href":"https:\/\/mkgdernek.org\/kr\/wp-json\/wp\/v2\/posts\/14312\/revisions"}],"predecessor-version":[{"id":14314,"href":"https:\/\/mkgdernek.org\/kr\/wp-json\/wp\/v2\/posts\/14312\/revisions\/14314"}],"wp:featuredmedia":[{"embeddable":true,"href":"https:\/\/mkgdernek.org\/kr\/wp-json\/wp\/v2\/media\/14313"}],"wp:attachment":[{"href":"https:\/\/mkgdernek.org\/kr\/wp-json\/wp\/v2\/media?parent=14312"}],"wp:term":[{"taxonomy":"category","embeddable":true,"href":"https:\/\/mkgdernek.org\/kr\/wp-json\/wp\/v2\/categories?post=14312"},{"taxonomy":"post_tag","embeddable":true,"href":"https:\/\/mkgdernek.org\/kr\/wp-json\/wp\/v2\/tags?post=14312"},{"taxonomy":"mektuplar","embeddable":true,"href":"https:\/\/mkgdernek.org\/kr\/wp-json\/wp\/v2\/mektuplar?post=14312"}],"curies":[{"name":"wp","href":"https:\/\/api.w.org\/{rel}","templated":true}]}}