{"id":14316,"date":"2026-04-22T13:38:25","date_gmt":"2026-04-22T10:38:25","guid":{"rendered":"https:\/\/mkgdernek.org\/kr\/?p=14316"},"modified":"2026-04-22T13:48:48","modified_gmt":"2026-04-22T10:48:48","slug":"rojnamegeriya-kurdi-bedeng-nema","status":"publish","type":"post","link":"https:\/\/mkgdernek.org\/kr\/blog\/navenda-medyaye\/rojnamegeriya-kurdi-bedeng-nema\/2026\/04\/14316\/","title":{"rendered":"Rojnamegeriya Kurd\u00ee b\u00eadeng nema"},"content":{"rendered":"\n<p><strong>Bi munasebeta 22\u2019y\u00ea N\u00eesan\u00ea, Roja Rojnamegeriya Kurd\u00ee, em careke din bi r\u00eazdar\u00ee kevne\u015fopiya 128 salan a rojnamegeriya Kurd\u00ee, hem\u00fb xebatkar\u00ean \u00e7apemeniy\u00ea y\u00ean ku ji bo rastiy\u00ea bedel dane \u00fb t\u00eako\u015f\u00eena ji bo azadiya \u00e7apemeniy\u00ea silav dikin.<\/strong><\/p>\n\n\n\n<p><strong>Rojnamegeriya Kurd\u00ee bi we\u015fandina rojnameya Kurdistan\u00ea ya ji aliy\u00ea M\u00eeqtad M\u00eethed Bedirxan ve ya di 22&#8217;y\u00ea N\u00eesana 1898&#8217;an de derket ser dika d\u00eerok\u00ee. Ev d\u00eerok ne ten\u00ea destp\u00eaka we\u015fandina rojnameyek\u00ea, di heman dem\u00ea de \u00eeradeya gel a bi deng\u00ea xwe li dij\u00ee \u00eenkar, sansur \u00fb zilm\u00ea biaxive j\u00ee n\u00ee\u015fan dide. Rojnamegeriya Kurd\u00ee di gava xwe ya yekem de bi sirg\u00fbniy\u00ea re r\u00fb bi r\u00fb ma; l\u00eabel\u00ea, tev\u00ee 128 sal derbas b\u00fbne j\u00ee, rojnamegeriya Kurd\u00ee dev ji w\u00ea israra xwe ya niv\u00eesandina rastiy\u00ea bernedaye.<\/strong><\/p>\n\n\n\n<p><strong>\u00cero, rojnamegeriya Kurd\u00ee h\u00een j\u00ee bi girtin, zexta dadwer\u00ee, sansur, s\u00eenordarkirin\u00ean gih\u00ee\u015ftin\u00ea, dorp\u00ea\u00e7a abor\u00ee \u00fb \u00ear\u00ee\u015f\u00ean d\u00eej\u00eetal re r\u00fb bi r\u00fb ye. Rojnameger dema n\u00fb\u00e7eyan di\u015fop\u00eenin dibin hedef. Hesab\u00ean medyaya d\u00eej\u00eetal t\u00ean astengkirin, naveroka n\u00fb\u00e7eyan t\u00ean astengkirin. Ev j\u00ee \u00ear\u00ee\u015fek e\u015fkere ya li ser maf\u00ea raya gi\u015ft\u00ee y\u00ea gih\u00ee\u015ftina agahdariya rast in. K\u00fbrb\u00fbna sansura d\u00eej\u00eetal a li dij\u00ee rojnameger \u00fb dezgeh\u00ean n\u00fb\u00e7eyan, dewamiya prat\u00eek\u00ean maf\u00ea darizandinek adil a di doz\u00ean \u00e7apemeniy\u00ea de t\u00eak dibin \u00fb zext\u00ean s\u00eestemat\u00eek \u00ean li ser dezgeh\u00ean medyay\u00ea y\u00ean ne n\u00eaz\u00ee hik\u00fbmet\u00ea, di rapor\u00ean daw\u00ee y\u00ean r\u00eaxistin\u00ean \u00e7apemeniya azad \u00fb navnetewey\u00ee de j\u00ee e\u015fkere t\u00ean xuyakirin.<\/strong><\/p>\n\n\n\n<p><strong>Ev rew\u015f ne tesaduf e. Zext\u00ean li ser rojnamegeriya Kurd\u00ee be\u015fek ji pol\u00eet\u00eekayeke b\u00eadengkirina rastiy\u00ea \u00fb girtina civak\u00ea ya di tariy\u00ea de ye. Ji ber ku niv\u00eesandina rastiy\u00ea pol\u00eet\u00eekay\u00ean \u015fer, prat\u00eek\u00ean dijminatiya li dij\u00ee jinan, xizaniy\u00ea, w\u00earankirina ekoloj\u00eek \u00fb cudakariya li dij\u00ee gelan e\u015fkere dike. Ev e ti\u015ft\u00ea ku pergal\u00ean zordar her\u00ee z\u00eade p\u00ea aciz dibin.<\/strong><\/p>\n\n\n\n<p><strong>L\u00ea rojnameger\u00ean jin di v\u00ea qada zordar de di bin dorp\u00ea\u00e7eke pir girantir \u00fb piral\u00eetir de dixebitin. Ji aliyek\u00ee ve, ji ber \u00e7alakiy\u00ean xwe y\u00ean rojnamegeriy\u00ea dibin hedef, ji aliy\u00ea din ve, bi ziman\u00ea zayendperest, pol\u00eet\u00eekay\u00ean cudakar \u00fb \u015f\u00eawey\u00ean tundiy\u00ea y\u00ean z\u00eehniyeta serdest a m\u00earan re r\u00fb bi r\u00fb dim\u00eenin. Tev\u00ee v\u00ea yek\u00ea j\u00ee rojnameger\u00ean jin li dij\u00ee medyaya serdest a m\u00earan xeteke rojnamegeriy\u00ea ya alternat\u00eef, wekhev \u00fb azad\u00eexwaz ava dikin.<\/strong><\/p>\n\n\n\n<p><strong>Rojnamegeriya bal\u00ea diki\u015f\u00eene ser jinan t\u00eako\u015f\u00eenek e. Ev t\u00eako\u015f\u00een deng\u00ea jin, zarok, kedkar, ko\u00e7ber, xweza \u00fb hem\u00fb aliy\u00ean tune t\u00ean hesibandin dide xuyakirin. Ji ber v\u00ea yek\u00ea, p\u00ean\u00fbs\u00ean rojnameger\u00ean jin ne ten\u00ea am\u00fbr\u00ean veguhestina agahiyan in; ew di heman dem\u00ea de dengek \u00fb xeta t\u00eako\u015f\u00een\u00ea ya bih\u00eaz a li dij\u00ee pergala serdest a m\u00earan, pol\u00eet\u00eekay\u00ean \u015fer \u00fb binp\u00eakirina rastiy\u00ea ne.<\/strong><\/p>\n\n\n\n<p><strong>Em, wek\u00ee Komeleya Rojnameger\u00ean Jin a Mezopotamyay\u00ea (MKG) \u00fb Komeleya Rojnamegeran a D\u00eecle Firat\u00ea (DFG), careke din dib\u00eajin em hilgir\u00ean m\u00eerateya 128 salan a rojnamegeriya Kurd\u00ee, kevne\u015fopiya azadiya \u00e7apemeniy\u00ea \u00fb t\u00eako\u015f\u00eena ji bo rastiy\u00ea ya ku ji h\u00eala jinan ve t\u00ea me\u015fandin in. Em hem\u00fb rojnameger\u00ean ji bo azadiya \u00e7apemeniy\u00ea jiyana xwe ji dest dane bi r\u00eazdar\u00ee bi b\u00eer t\u00eenin. Em pi\u015ftgiriy\u00ea didin rojnameger\u00ean t\u00ean girtin, t\u00ean darizandin, gef li wan t\u00ean xwarin, surgun dibin \u00fb kar\u00ea wan t\u00ean astengkirin.<\/strong><\/p>\n\n\n\n<p><strong>Her wiha em bang li r\u00eaxistin\u00ean \u00e7apemeniy\u00ea y\u00ean navnetewey\u00ee, r\u00eaxistin\u00ean maf\u00ean mirovan \u00fb raya gi\u015ft\u00ee ya demokrat\u00eek dikin: Li hember zext\u00ean li ser rojnamegeriya Kurd\u00ee \u00fb xebatkar\u00ean \u00e7apemeniya azad b\u00eadeng nem\u00eenin. Li dij\u00ee pol\u00eet\u00eekay\u00ean, hewl didin rojnamegeriy\u00ea wek\u00ee s\u00fbc n\u00ee\u015fan bidin, helwestek zelal n\u00ee\u015fan bidin. Niv\u00eesandina rastiy\u00ea ne s\u00fbc e. Parastina maf\u00ea raya gi\u015ft\u00ee y\u00ea agahdarkirin\u00ea yek ji \u015fert\u00ean her\u00ee bingeh\u00een \u00ean civakek demokrat\u00eek e.<\/strong><\/p>\n\n\n\n<p><strong>Di 22&#8217;y\u00ea N\u00eesan\u00ea, Roja Rojnamegeriya Kurd\u00ee de, em careke din dib\u00eajin:<\/strong><\/p>\n\n\n\n<p><strong>Em \u00ea li hember zilm\u00ea pa\u015fve gav\u00ea neav\u00eajin.<\/strong><\/p>\n\n\n\n<p><strong>Em \u00ea parastina gotina jinan, heq\u00eeqeta gelan \u00fb kevne\u015fopiya \u00e7apemeniya azad bidom\u00eenin.<\/strong><\/p>\n\n\n\n<p><strong>Em \u00ea \u015fopandina rastiy\u00ea bidom\u00eenin.<\/strong><\/p>\n\n\n\n<p><strong>Komeleya Rojnameger\u00ean Jin a Mezopotamyay\u00ea (MKG) \u2013 Komeleya Rojnamegeran a D\u00eecle Firat\u00ea (DFG)<\/strong><\/p>\n","protected":false},"excerpt":{"rendered":"<p>Bi munasebeta 22\u2019y\u00ea N\u00eesan\u00ea, Roja Rojnamegeriya Kurd\u00ee, em careke din bi r\u00eazdar\u00ee kevne\u015fopiya 128 salan a rojnamegeriya Kurd\u00ee, hem\u00fb xebatkar\u00ean \u00e7apemeniy\u00ea y\u00ean ku ji bo rastiy\u00ea bedel dane \u00fb t\u00eako\u015f\u00eena ji bo azadiya \u00e7apemeniy\u00ea silav dikin. Rojnamegeriya Kurd\u00ee bi we\u015fandina rojnameya Kurdistan\u00ea ya ji aliy\u00ea M\u00eeqtad M\u00eethed Bedirxan ve ya di 22&#8217;y\u00ea N\u00eesana 1898&#8217;an de [&hellip;]<\/p>\n","protected":false},"author":1,"featured_media":14319,"comment_status":"closed","ping_status":"open","sticky":false,"template":"","format":"standard","meta":{"footnotes":""},"categories":[50,49],"tags":[],"mektuplar":[],"class_list":["post-14316","post","type-post","status-publish","format-standard","has-post-thumbnail","hentry","category-daxuyaniyen-capemeniye","category-navenda-medyaye"],"_links":{"self":[{"href":"https:\/\/mkgdernek.org\/kr\/wp-json\/wp\/v2\/posts\/14316","targetHints":{"allow":["GET"]}}],"collection":[{"href":"https:\/\/mkgdernek.org\/kr\/wp-json\/wp\/v2\/posts"}],"about":[{"href":"https:\/\/mkgdernek.org\/kr\/wp-json\/wp\/v2\/types\/post"}],"author":[{"embeddable":true,"href":"https:\/\/mkgdernek.org\/kr\/wp-json\/wp\/v2\/users\/1"}],"replies":[{"embeddable":true,"href":"https:\/\/mkgdernek.org\/kr\/wp-json\/wp\/v2\/comments?post=14316"}],"version-history":[{"count":2,"href":"https:\/\/mkgdernek.org\/kr\/wp-json\/wp\/v2\/posts\/14316\/revisions"}],"predecessor-version":[{"id":14318,"href":"https:\/\/mkgdernek.org\/kr\/wp-json\/wp\/v2\/posts\/14316\/revisions\/14318"}],"wp:featuredmedia":[{"embeddable":true,"href":"https:\/\/mkgdernek.org\/kr\/wp-json\/wp\/v2\/media\/14319"}],"wp:attachment":[{"href":"https:\/\/mkgdernek.org\/kr\/wp-json\/wp\/v2\/media?parent=14316"}],"wp:term":[{"taxonomy":"category","embeddable":true,"href":"https:\/\/mkgdernek.org\/kr\/wp-json\/wp\/v2\/categories?post=14316"},{"taxonomy":"post_tag","embeddable":true,"href":"https:\/\/mkgdernek.org\/kr\/wp-json\/wp\/v2\/tags?post=14316"},{"taxonomy":"mektuplar","embeddable":true,"href":"https:\/\/mkgdernek.org\/kr\/wp-json\/wp\/v2\/mektuplar?post=14316"}],"curies":[{"name":"wp","href":"https:\/\/api.w.org\/{rel}","templated":true}]}}